{"id":21500,"date":"2026-01-14T16:36:48","date_gmt":"2026-01-14T15:36:48","guid":{"rendered":"https:\/\/serbenidorm.daliisolutions.com\/index.php\/2026\/01\/14\/el-alcalde-de-benidorm-descarta-la-quiebra-o-la-intervencion-del-ayuntamiento-y-el-psoe-pide-el-rescate-de-hacienda\/"},"modified":"2026-01-14T16:36:48","modified_gmt":"2026-01-14T15:36:48","slug":"el-alcalde-de-benidorm-descarta-la-quiebra-o-la-intervencion-del-ayuntamiento-y-el-psoe-pide-el-rescate-de-hacienda","status":"publish","type":"post","link":"https:\/\/serbenidorm.daliisolutions.com\/index.php\/2026\/01\/14\/el-alcalde-de-benidorm-descarta-la-quiebra-o-la-intervencion-del-ayuntamiento-y-el-psoe-pide-el-rescate-de-hacienda\/","title":{"rendered":"El alcalde de Benidorm descarta la quiebra o la intervenci\u00f3n del Ayuntamiento y el PSOE pide el rescate de Hacienda"},"content":{"rendered":" <p>El Ayuntamiento de Benidorm sigue esperando instrucciones t\u00e9cnicas. El alcalde Toni P\u00e9rez (PP) no cambia de posici\u00f3n, aunque ha reconocido el \u00abbrutal rev\u00e9s\u00bb que supone la decisi\u00f3n del Tribunal Constitucional y que devuelve al escenario del pago de m\u00e1s de 350 millones a la familia Musica Puchades por los suelos del APR-7, en el parque natural de Serra Gelada. <\/p>  <p>Ni ruina, ni intervenci\u00f3n del consistorio por parte del Estado, ha defendido el primer edil ante la insistencia de los periodistas en una rueda de prensa en la Diputaci\u00f3n de Alicante. <\/p>  <p>P\u00e9rez ha asegurado que acatar\u00e1 la decisi\u00f3n de la Justicia si en \u00faltima instancia decide que hay que pagar y que se har\u00e1, conf\u00eda, sin subir los impuestos: \u00ab<a href=\"https:\/\/cadenaser.com\/tag\/benidorm\/a\/\" target=\"_blank\" rel=\"nofollow\" title=\"https:\/\/cadenaser.com\/tag\/benidorm\/a\/\">Benidorm tiene capacidad para que cuando finalice todo este proceso abordar una soluci\u00f3n que no es menor y, en la medida de lo posible y estoy convencido de que as\u00ed lo haremos, sin tocar los tipos impositivos y creciendo en los servicios municipales<\/a>\u00ab.<\/p>  <p>Por su parte la oposici\u00f3n, el Grupo Municipal Socialista, sigue exigiendo su dimisi\u00f3n. La portavoz del PSOE, Cristina Escoda, acusa a Toni P\u00e9rez de generar 47.500 euros diarios en intereses de demora.<\/p>  <p>Tambi\u00e9n vuelve a proponer negociar con los Murcia Puchades y, por primera vez, pedir un rescate del Ministerio de Hacienda: \u00abEs la \u00fanica salida viable para evitar la par\u00e1lisis total de Benidorm. Necesitamos un plan de rescate ante una gesti\u00f3n que nos ha llevado al abismo\u00bb, ha afirmado.<\/p> ","protected":false},"excerpt":{"rendered":"<p>Primeras reacciones despu\u00e9s de que el Tribunal Constitucional haya tumbado el recurso para parar el pago de m\u00e1s de 350 millones por una demanda urban\u00edstica<\/p>\n","protected":false},"author":0,"featured_media":21501,"comment_status":"","ping_status":"open","sticky":false,"template":"","format":"standard","meta":{"_acf_changed":false,"footnotes":""},"categories":[1],"tags":[],"class_list":["post-21500","post","type-post","status-publish","format-standard","has-post-thumbnail","hentry","category-sin-categoria"],"acf":{"ser_id":"72NUZJOJDZAMFBDRUV7FDSHPDA","ser_url":"https:\/\/cadenaser.com\/comunitat-valenciana\/2026\/01\/14\/el-alcalde-de-benidorm-descarta-la-quiebra-o-la-intervencion-del-ayuntamiento-y-el-psoe-pide-el-rescate-de-hacienda-radio-benidorm\/"},"_links":{"self":[{"href":"https:\/\/serbenidorm.daliisolutions.com\/index.php\/wp-json\/wp\/v2\/posts\/21500","targetHints":{"allow":["GET"]}}],"collection":[{"href":"https:\/\/serbenidorm.daliisolutions.com\/index.php\/wp-json\/wp\/v2\/posts"}],"about":[{"href":"https:\/\/serbenidorm.daliisolutions.com\/index.php\/wp-json\/wp\/v2\/types\/post"}],"replies":[{"embeddable":true,"href":"https:\/\/serbenidorm.daliisolutions.com\/index.php\/wp-json\/wp\/v2\/comments?post=21500"}],"version-history":[{"count":0,"href":"https:\/\/serbenidorm.daliisolutions.com\/index.php\/wp-json\/wp\/v2\/posts\/21500\/revisions"}],"wp:featuredmedia":[{"embeddable":true,"href":"https:\/\/serbenidorm.daliisolutions.com\/index.php\/wp-json\/wp\/v2\/media\/21501"}],"wp:attachment":[{"href":"https:\/\/serbenidorm.daliisolutions.com\/index.php\/wp-json\/wp\/v2\/media?parent=21500"}],"wp:term":[{"taxonomy":"category","embeddable":true,"href":"https:\/\/serbenidorm.daliisolutions.com\/index.php\/wp-json\/wp\/v2\/categories?post=21500"},{"taxonomy":"post_tag","embeddable":true,"href":"https:\/\/serbenidorm.daliisolutions.com\/index.php\/wp-json\/wp\/v2\/tags?post=21500"}],"curies":[{"name":"wp","href":"https:\/\/api.w.org\/{rel}","templated":true}]}}