{"id":21502,"date":"2026-01-14T16:36:49","date_gmt":"2026-01-14T15:36:49","guid":{"rendered":"https:\/\/serbenidorm.daliisolutions.com\/index.php\/2026\/01\/14\/el-auditorio-julio-iglesias-de-benidorm-otro-foco-de-polemica-tras-las-denuncias-de-acoso-sexual\/"},"modified":"2026-01-14T16:36:49","modified_gmt":"2026-01-14T15:36:49","slug":"el-auditorio-julio-iglesias-de-benidorm-otro-foco-de-polemica-tras-las-denuncias-de-acoso-sexual","status":"publish","type":"post","link":"https:\/\/serbenidorm.daliisolutions.com\/index.php\/2026\/01\/14\/el-auditorio-julio-iglesias-de-benidorm-otro-foco-de-polemica-tras-las-denuncias-de-acoso-sexual\/","title":{"rendered":"El Auditorio Julio Iglesias de Benidorm, otro foco de pol\u00e9mica tras las denuncias de acoso sexual"},"content":{"rendered":" <p>La diputada de Comprom\u00eds en el Congreso, \u00c1gueda Mico, y el portavoz en Benidorm de los valencianistas, Pere Beneito, han reclamado este mi\u00e9rcoles el cambio de nombre del auditorio Julio Iglesias tras las acusaciones de agresiones sexuales continuadas a extrabajadoras de sus mansiones. No obstante, el alcalde de la capital tur\u00edstica, Toni P\u00e9rez (PP) ha insistido en defender la presunci\u00f3n de inocencia<a href=\"https:\/\/cadenaser.com\/tag\/benidorm\/a\/\" target=\"_blank\" rel=\"nofollow\" title=\"https:\/\/cadenaser.com\/tag\/benidorm\/a\/\"> d<\/a><a href=\"https:\/\/cadenaser.com\/tag\/benidorm\/a\/\" target=\"_blank\" rel=\"nofollow\" title=\"https:\/\/cadenaser.com\/tag\/benidorm\/a\/\">el artista que gan\u00f3 el X Festival de la Canci\u00f3n de Benidorm (1968)<\/a>.<\/p>  <p>Beneito ha subrayado que revisar estos reconocimientos \u00abno supone juzgar una trayectoria art\u00edstica en su conjunto\u00bb y P\u00e9rez descarta retirar el homenaje: \u00abLa canci\u00f3n se llama <i>La vida sigue igual<\/i> y yo ten\u00eda 40 d\u00edas. Yo creo que en Espa\u00f1a afortunadamente de aquellos tiempos a ahora lo que hay es un estado de derecho donde rige la presunci\u00f3n de inocencia. La vida no sigue igual en eso, ha cambiado mucho\u00bb.<\/p>  <p>El PSOE, que ejerce la oposici\u00f3n en el Ayuntamiento, ha mostrado su \u00abtotal apoyo a las mujeres denunciantes\u00bb y esperan que la justicia act\u00fae. Cuando la investigaci\u00f3n avance y, en caso de confirmarse las acusaciones, desde el Grupo Socialista consideran que s\u00ed se deber\u00edan retirar los reconocimientos en la ciudad.<\/p>  <p>Comprom\u00eds, sin representaci\u00f3n municipal, s\u00ed ha reclamado una revisi\u00f3n inmediata de todos los reconocimientos p\u00fablicos otorgados a Iglesias. Mic\u00f3 tambi\u00e9n ha pedido al Gobierno que retire la Medalla de Oro al M\u00e9rito en las Bellas Artes concedida en 1988 por el Ministerio de Cultura. Mic\u00f3 ha insistido en que las distinciones p\u00fablicas \u00abno son inmutables\u00bb y ha reclamado al Ejecutivo que act\u00fae con coherencia y sensibilidad social.<\/p> ","protected":false},"excerpt":{"rendered":"<p>Comprom\u00eds pide desde el Congreso retirar el nombre del cantante y el alcalde defiende su presunci\u00f3n de inocencia<\/p>\n","protected":false},"author":0,"featured_media":21503,"comment_status":"","ping_status":"open","sticky":false,"template":"","format":"standard","meta":{"_acf_changed":false,"footnotes":""},"categories":[1],"tags":[],"class_list":["post-21502","post","type-post","status-publish","format-standard","has-post-thumbnail","hentry","category-sin-categoria"],"acf":{"ser_id":"FKOHEZG2BVDMJOINYWJOYIXJK4","ser_url":"https:\/\/cadenaser.com\/comunitat-valenciana\/2026\/01\/14\/el-auditorio-julio-iglesias-de-benidorm-otro-foco-de-polemica-tras-las-denuncias-de-acoso-sexual-radio-benidorm\/"},"_links":{"self":[{"href":"https:\/\/serbenidorm.daliisolutions.com\/index.php\/wp-json\/wp\/v2\/posts\/21502","targetHints":{"allow":["GET"]}}],"collection":[{"href":"https:\/\/serbenidorm.daliisolutions.com\/index.php\/wp-json\/wp\/v2\/posts"}],"about":[{"href":"https:\/\/serbenidorm.daliisolutions.com\/index.php\/wp-json\/wp\/v2\/types\/post"}],"replies":[{"embeddable":true,"href":"https:\/\/serbenidorm.daliisolutions.com\/index.php\/wp-json\/wp\/v2\/comments?post=21502"}],"version-history":[{"count":0,"href":"https:\/\/serbenidorm.daliisolutions.com\/index.php\/wp-json\/wp\/v2\/posts\/21502\/revisions"}],"wp:featuredmedia":[{"embeddable":true,"href":"https:\/\/serbenidorm.daliisolutions.com\/index.php\/wp-json\/wp\/v2\/media\/21503"}],"wp:attachment":[{"href":"https:\/\/serbenidorm.daliisolutions.com\/index.php\/wp-json\/wp\/v2\/media?parent=21502"}],"wp:term":[{"taxonomy":"category","embeddable":true,"href":"https:\/\/serbenidorm.daliisolutions.com\/index.php\/wp-json\/wp\/v2\/categories?post=21502"},{"taxonomy":"post_tag","embeddable":true,"href":"https:\/\/serbenidorm.daliisolutions.com\/index.php\/wp-json\/wp\/v2\/tags?post=21502"}],"curies":[{"name":"wp","href":"https:\/\/api.w.org\/{rel}","templated":true}]}}