{"id":21504,"date":"2026-01-14T16:36:49","date_gmt":"2026-01-14T15:36:49","guid":{"rendered":"https:\/\/serbenidorm.daliisolutions.com\/index.php\/2026\/01\/14\/javier-ruiz-de-larrinaga-de-felipe-orts-podemos-esperar-todo-en-benidorm\/"},"modified":"2026-01-14T16:36:49","modified_gmt":"2026-01-14T15:36:49","slug":"javier-ruiz-de-larrinaga-de-felipe-orts-podemos-esperar-todo-en-benidorm","status":"publish","type":"post","link":"https:\/\/serbenidorm.daliisolutions.com\/index.php\/2026\/01\/14\/javier-ruiz-de-larrinaga-de-felipe-orts-podemos-esperar-todo-en-benidorm\/","title":{"rendered":"Javier Ruiz de Larrinaga: \u00abDe Felipe Orts podemos esperar todo en Benidorm\u00bb"},"content":{"rendered":" <p>El seleccionador nacional de ciclocross, Javier Ruiz de Larrinaga, ya ha confirmado su lista para la disputa de la Copa del Mundo de Ciclocross UCI \u2013 Benidorm Costa Blanca 2026 que se celebrar\u00e1 en los parques de El Moralet y Foietes de la capital tur\u00edstica el pr\u00f3ximo domingo, 18 de enero. Espa\u00f1a formar\u00e1 en la antepen\u00faltima prueba del m\u00e1s importante de los torneos de la especialidad invernal del ciclismo con un total de 57 ciclistas con la presencia de doce corredores en la prueba elite masculina, 14 en la cita elite y Sub-23 femenina, diez en la Sub-23 masculina, otros diez en la J\u00fanior masculina y tambi\u00e9n diez en la J\u00fanior femenina.<\/p>  <p>Como puntas de lanza para la Copa del Mundo de Ciclocross UCI \u2013 Benidorm Costa Blanca 2026 \u2018Larri\u2019 desplazar\u00e1 a Benidorm a Sof\u00eda Rodr\u00edguez y Felipe Orts, que el pasado domingo se colgaban el oro en los Campeonatos de Espa\u00f1a disputados en Taranc\u00f3n con la segunda victoria consecutiva para la ciclista de Ontinyent y el octavo t\u00edtulo, tambi\u00e9n consecutivo, para el de La Vila Joiosa.<\/p>  <p>El propio responsable del combinado nacional explica que a d\u00eda de hoy la prueba de la Copa del Mundo de Copa del Mundo de Ciclocross UCI \u2013 Benidorm Costa Blanca 2026 es \u201cel momento m\u00e1s importante de la temporada\u201d, por encima, incluso, del Mundial.<\/p>  <p>Ruiz de Larrinaga asegura en ese sentido que \u201ccon la prueba de Benidorm volvemos a tener una prueba de la Copa del Mundo en Espa\u00f1a y creo que nos la merecemos. Por lo tanto, ahora mismo y pensando tambi\u00e9n en los deportistas, tenemos que pensar en Benidorm y olvidarnos del Mundial\u201d, una cita, la de Hulst (1 de febrero) para la que, subraya, \u201chay muchas expectativas este a\u00f1o\u201d.<\/p>  <p>Evidentemente, y no s\u00f3lo por su condici\u00f3n (en este caso literal) de \u2018corredor de casa\u2019 sino por haberse confirmado ya desde hace mucho tiempo como el mejor especialista espa\u00f1ol de todos los tiempos, Felipe Orts ser\u00e1 la gran referencia y jefe de filas de la expedici\u00f3n.<\/p>  <p>La gira navide\u00f1a ha evidenciado que el de La Vila Joiosa llega en un momento de forma muy dulce. Ese importante periplo comenz\u00f3 con la doble victoria en X\u00e0tiva y Cocentaina y se confirm\u00f3, ya en B\u00e9lgica (donde corri\u00f3 diez carreras en apenas 15 d\u00edas), donde termin\u00f3 siempre en el top 10 a excepci\u00f3n de Gavere coronando todo ello con el \u00e9pico podio bajo la monumental nevada de Mol.<\/p>  <p>\u201cDe Felipe podemos esperarlo todo\u201d, asegura Javier Ruiz de Larrinaga. \u201c\u00c9l mismo ha dicho que quer\u00eda terminar la temporada algo m\u00e1s fresco que el a\u00f1o pasado y quiz\u00e1s eso provoc\u00f3 que los resultados del arranque de la campa\u00f1a no salieran como \u00e9l hubiese deseado, pero ha conseguido llegar a Benidorm en su mejor momento\u201d.<\/p>  <p>Para \u2018Larri\u2019, \u201cesa foto del podio con Mathieu Van der Poel y Toon Aerts es ya algo para la historia y es con lo que nos tenemos que quedar. Creo que no somos conscientes de lo que est\u00e1 haciendo. Incluso, creo que le estamos infravalorando un poco tras el gran a\u00f1o que hizo en la pasada temporada. Este a\u00f1o parece que le ha costado un poco m\u00e1s, pero a la Copa del Mundo de Ciclocross UCI \u2013 Benidorm Costa Blanca 2026, su carrera talism\u00e1n, llega en sus mejores condiciones\u201d.<\/p>  <p>Por su parte, Sof\u00eda Rodr\u00edguez ser\u00e1 la punta de lanza del combinado femenino. La actual doble campeona de Espa\u00f1a, explica el seleccionador nacional, se ha erigido como la gran referencia en Espa\u00f1a, pero sigue necesitando dar ese salto final que le permita estar \u2018arriba\u2019 en una prueba de la Copa del Mundo.<\/p>  <p>\u201cEs algo muy complicado. Sof\u00eda lleva muchos a\u00f1os en el ciclocross, pero todav\u00eda es una chica muy joven [26 a\u00f1os] que tiene por delante\u201d. Como sucede en el caso de su paisano Felipe Orts, Ruiz de Larrinaga considera que Rodr\u00edguez \u201cparece que hab\u00eda empezado la temporada algo m\u00e1s justa, pero ha llegado muy bien y le queda todo este mes para demostrar el nivel que tiene\u201d. <\/p>  <p>Por todo ello, el seleccionador nacional conf\u00eda que \u201ccon la motivaci\u00f3n extra de correr en casa y con el nivel que tiene vamos a ver si puede hacer una gran carrera porque se lo merece\u201d.<\/p>  <p>Con todo, una de las categor\u00edas que m\u00e1s ilusi\u00f3n y optimismo despiertan en la expedici\u00f3n espa\u00f1ola es la J\u00fanior masculina. Ah\u00ed, destaca la presencia de Benjam\u00edn Noval, doble campe\u00f3n de Espa\u00f1a y que durante la pasada gira navide\u00f1a se subi\u00f3 al podio en el Plage Cross de Hofstade (donde fue segundo) y en la siempre competida prueba de Heusden Zolder (donde se colg\u00f3 el bronce). Todo ello, adem\u00e1s, sumado a la cuarta plaza lograda en Benidorm en 2025 en una prueba en la que s\u00f3lo un infortunio en la parte final de la misma le priv\u00f3 de pelear por el triunfo.<\/p>  <p>\u2018Larri\u2019 no niega que las expectativas son altas. \u201cEl a\u00f1o pasado ya estuvo muy cerca\u201d no s\u00f3lo en Benidorm, sino tambi\u00e9n \u201cen el Mundial de Li\u00e9vin. Noval es un chaval que est\u00e1 demostrando estar en un alt\u00edsimo nivel y tambi\u00e9n cuenta con la ayuda de todos los dem\u00e1s chavales. Sobre todo, Mart\u00edn [Fern\u00e1ndez] y Ra\u00fal [L\u00f3pez], que ya se han metido en top-20 e, incluso, en alg\u00fan top-15 en Copas del Mundo. Eso es algo que siempre ve\u00edamos muy lejos y ahora tenemos una generaci\u00f3n muy buena que est\u00e1n haciendo que el maillot de Espa\u00f1a est\u00e9 muy arriba en la Copa del Mundo\u201d.<\/p>  <p>No menos ilusionante, fuera del \u00e1mbito de las pruebas elite, es la presencia del valenciano Ra\u00fal Mira en la carrera Sub-23 masculina. <\/p>  <p>Tras reconquistar el t\u00edtulo de Campe\u00f3n de Espa\u00f1a el pasado domingo (su primera victoria fue hace dos a\u00f1os en Amurrio), Mira llega a la Copa del Mundo de Ciclocross UCI \u2013 Benidorm Costa Blanca 2026 con una buena hoja de servicio en la gira navide\u00f1a, en la que destaca su 15\u00ba puesto en la Copa del Mundo de Koksijde y su doble und\u00e9cima posici\u00f3n en la puntuable de Dendermonde y en el Azencross de Loenhout, por lo que un top10 tambi\u00e9n ser\u00eda una aspiraci\u00f3n l\u00f3gica para el de la \u2018terreta\u2019.<\/p> ","protected":false},"excerpt":{"rendered":"<p>El seleccionador nacional analiza las opciones de la numerosa delegaci\u00f3n espa\u00f1ola en El Moralet y Foietes<\/p>\n","protected":false},"author":0,"featured_media":21505,"comment_status":"","ping_status":"open","sticky":false,"template":"","format":"standard","meta":{"_acf_changed":false,"footnotes":""},"categories":[16],"tags":[],"class_list":["post-21504","post","type-post","status-publish","format-standard","has-post-thumbnail","hentry","category-deportes"],"acf":{"ser_id":"H5BK7PTOPJBE3DN26KJ3KZWO4U","ser_url":"https:\/\/cadenaser.com\/comunitat-valenciana\/2026\/01\/14\/javier-ruiz-de-larrinaga-de-felipe-orts-podemos-esperar-todo-en-benidorm-radio-benidorm\/"},"_links":{"self":[{"href":"https:\/\/serbenidorm.daliisolutions.com\/index.php\/wp-json\/wp\/v2\/posts\/21504","targetHints":{"allow":["GET"]}}],"collection":[{"href":"https:\/\/serbenidorm.daliisolutions.com\/index.php\/wp-json\/wp\/v2\/posts"}],"about":[{"href":"https:\/\/serbenidorm.daliisolutions.com\/index.php\/wp-json\/wp\/v2\/types\/post"}],"replies":[{"embeddable":true,"href":"https:\/\/serbenidorm.daliisolutions.com\/index.php\/wp-json\/wp\/v2\/comments?post=21504"}],"version-history":[{"count":0,"href":"https:\/\/serbenidorm.daliisolutions.com\/index.php\/wp-json\/wp\/v2\/posts\/21504\/revisions"}],"wp:featuredmedia":[{"embeddable":true,"href":"https:\/\/serbenidorm.daliisolutions.com\/index.php\/wp-json\/wp\/v2\/media\/21505"}],"wp:attachment":[{"href":"https:\/\/serbenidorm.daliisolutions.com\/index.php\/wp-json\/wp\/v2\/media?parent=21504"}],"wp:term":[{"taxonomy":"category","embeddable":true,"href":"https:\/\/serbenidorm.daliisolutions.com\/index.php\/wp-json\/wp\/v2\/categories?post=21504"},{"taxonomy":"post_tag","embeddable":true,"href":"https:\/\/serbenidorm.daliisolutions.com\/index.php\/wp-json\/wp\/v2\/tags?post=21504"}],"curies":[{"name":"wp","href":"https:\/\/api.w.org\/{rel}","templated":true}]}}