{"id":21518,"date":"2026-01-14T19:40:41","date_gmt":"2026-01-14T18:40:41","guid":{"rendered":"https:\/\/serbenidorm.daliisolutions.com\/index.php\/2026\/01\/14\/sofia-rodriguez-el-objetivo-para-benidorm-es-buscar-el-top-20-en-una-copa-del-mundo\/"},"modified":"2026-01-14T19:40:41","modified_gmt":"2026-01-14T18:40:41","slug":"sofia-rodriguez-el-objetivo-para-benidorm-es-buscar-el-top-20-en-una-copa-del-mundo","status":"publish","type":"post","link":"https:\/\/serbenidorm.daliisolutions.com\/index.php\/2026\/01\/14\/sofia-rodriguez-el-objetivo-para-benidorm-es-buscar-el-top-20-en-una-copa-del-mundo\/","title":{"rendered":"Sof\u00eda Rodr\u00edguez: \u201cEl objetivo para Benidorm es buscar el top-20 en una Copa del Mundo\u201d"},"content":{"rendered":" <p>La campeona de Espa\u00f1a de ciclocross, Sof\u00eda Rodr\u00edguez, ha sido protagonista en SER Deportivos Marina Baixa en una charla en la que repasa el momento que vive esta temporada y pone el foco en uno de los grandes retos del invierno: su participaci\u00f3n en la Copa del Mundo de ciclocross de Benidorm, que se disputa el pr\u00f3ximo domingo.<\/p>  <p>En la entrevista, la ciclista analiza c\u00f3mo est\u00e1 siendo un curso exigente, marcado por la regularidad y la ambici\u00f3n de seguir creciendo en una disciplina cada vez m\u00e1s competitiva. Rodr\u00edguez explica las sensaciones con las que llega a Benidorm, el trabajo realizado en las \u00faltimas semanas y la importancia que tiene correr una prueba de la Copa del Mundo en casa, ante el p\u00fablico espa\u00f1ol.<\/p>  <p>Adem\u00e1s, la actual campeona de Espa\u00f1a valora lo que supone la cita de Benidorm para el ciclocross nacional, el nivel del pelot\u00f3n internacional y los objetivos con los que afronta una carrera que volver\u00e1 a situar a la Marina Baixa en el mapa mundial de este deporte.<\/p> ","protected":false},"excerpt":{"rendered":"<p>La ciclista de Ontinyent llega a la prueba de la capital tur\u00edstica tras imponerse en el Campeonato de Espa\u00f1a<\/p>\n","protected":false},"author":0,"featured_media":21519,"comment_status":"","ping_status":"open","sticky":false,"template":"","format":"standard","meta":{"_acf_changed":false,"footnotes":""},"categories":[16],"tags":[],"class_list":["post-21518","post","type-post","status-publish","format-standard","has-post-thumbnail","hentry","category-deportes"],"acf":{"ser_id":"BWRGWVP6WFCTBAJDXZOU3R2RJI","ser_url":"https:\/\/cadenaser.com\/comunitat-valenciana\/2026\/01\/14\/sofia-rodriguez-el-objetivo-para-benidorm-es-buscar-el-top-20-en-una-copa-del-mundo-radio-benidorm\/"},"_links":{"self":[{"href":"https:\/\/serbenidorm.daliisolutions.com\/index.php\/wp-json\/wp\/v2\/posts\/21518","targetHints":{"allow":["GET"]}}],"collection":[{"href":"https:\/\/serbenidorm.daliisolutions.com\/index.php\/wp-json\/wp\/v2\/posts"}],"about":[{"href":"https:\/\/serbenidorm.daliisolutions.com\/index.php\/wp-json\/wp\/v2\/types\/post"}],"replies":[{"embeddable":true,"href":"https:\/\/serbenidorm.daliisolutions.com\/index.php\/wp-json\/wp\/v2\/comments?post=21518"}],"version-history":[{"count":0,"href":"https:\/\/serbenidorm.daliisolutions.com\/index.php\/wp-json\/wp\/v2\/posts\/21518\/revisions"}],"wp:featuredmedia":[{"embeddable":true,"href":"https:\/\/serbenidorm.daliisolutions.com\/index.php\/wp-json\/wp\/v2\/media\/21519"}],"wp:attachment":[{"href":"https:\/\/serbenidorm.daliisolutions.com\/index.php\/wp-json\/wp\/v2\/media?parent=21518"}],"wp:term":[{"taxonomy":"category","embeddable":true,"href":"https:\/\/serbenidorm.daliisolutions.com\/index.php\/wp-json\/wp\/v2\/categories?post=21518"},{"taxonomy":"post_tag","embeddable":true,"href":"https:\/\/serbenidorm.daliisolutions.com\/index.php\/wp-json\/wp\/v2\/tags?post=21518"}],"curies":[{"name":"wp","href":"https:\/\/api.w.org\/{rel}","templated":true}]}}