{"id":2152,"date":"2024-02-08T17:07:36","date_gmt":"2024-02-08T16:07:36","guid":{"rendered":"https:\/\/serbenidorm.daliisolutions.com\/index.php\/2024\/02\/08\/juan-carlos-sempere-renueva-hasta-2026-con-el-tm-benidorm\/"},"modified":"2024-02-08T17:07:36","modified_gmt":"2024-02-08T16:07:36","slug":"juan-carlos-sempere-renueva-hasta-2026-con-el-tm-benidorm","status":"publish","type":"post","link":"https:\/\/serbenidorm.daliisolutions.com\/index.php\/2024\/02\/08\/juan-carlos-sempere-renueva-hasta-2026-con-el-tm-benidorm\/","title":{"rendered":"Juan Carlos Sempere renueva hasta 2026 con el TM Benidorm"},"content":{"rendered":"  <p>Benidorm<\/p>   <p>Tras tres temporadas defendiendo los colores del <a href=\"https:\/\/cadenaser.com\/tag\/club_balonmano_benidorm\/a\/\" target=\"_blank\" rel=\"noopener\">TM Benidorm<\/a>, el central eldense Juan Carlos Sempere ha llegado a un acuerdo de renovaci\u00f3n con la entidad del Palau d\u2019Esports para seguir defendiendo la el\u00e1stica azul, al menos, hasta 2026.<\/p>   <p>\u2018Juancar\u2019 lleg\u00f3 al Club Balonmano Benidorm para militar en el filial del equipo de <a href=\"https:\/\/cadenaser.com\/tag\/liga_asobal\/a\/\" target=\"_blank\" rel=\"noopener\">Liga Asobal<\/a>, pero su buen hacer en el 40&#215;20 le granje\u00f3 muy pronto la posibilidad de comenzar a entrar en las convocatorias del equipo dirigido entonces por Fernando Latorre, no tardando en convertirse en un fijo de la alineaci\u00f3n titular.<\/p>   <p>Tras una primera temporada en la que jug\u00f3 26 partidos con el Servigroup Benidorm de Primera Nacional (125 goles) con doce apariciones en Asobal (9 goles), en su segundo a\u00f1o, la pasada temporada, dio el salto definitivo al TM Benidorm, disputando tanto los partidos de Liga Asobal como los de competici\u00f3n europea logrando un total de 46 tantos.<\/p>   <p>Unos n\u00fameros que no han hecho m\u00e1s que mejorar ya que esta campa\u00f1a, de la que s\u00f3lo se llevan disputadas 16 jornadas, las estad\u00edsticas del central ya alcanzan los 41 tantos.<\/p> ","protected":false},"excerpt":{"rendered":"<p>El central, formado en la cantera, se ha convertido en figura clave del equipo<\/p>\n","protected":false},"author":0,"featured_media":2153,"comment_status":"open","ping_status":"open","sticky":false,"template":"","format":"standard","meta":{"_acf_changed":false,"footnotes":""},"categories":[16],"tags":[],"class_list":["post-2152","post","type-post","status-publish","format-standard","has-post-thumbnail","hentry","category-deportes"],"acf":{"ser_id":"QWGWCBSUTVCOPBKKXPRWX3TNQQ","ser_url":"https:\/\/cadenaser.com\/comunitat-valenciana\/2024\/02\/08\/juan-carlos-sempere-renueva-hasta-2026-con-el-tm-benidorm-radio-benidorm\/"},"_links":{"self":[{"href":"https:\/\/serbenidorm.daliisolutions.com\/index.php\/wp-json\/wp\/v2\/posts\/2152","targetHints":{"allow":["GET"]}}],"collection":[{"href":"https:\/\/serbenidorm.daliisolutions.com\/index.php\/wp-json\/wp\/v2\/posts"}],"about":[{"href":"https:\/\/serbenidorm.daliisolutions.com\/index.php\/wp-json\/wp\/v2\/types\/post"}],"replies":[{"embeddable":true,"href":"https:\/\/serbenidorm.daliisolutions.com\/index.php\/wp-json\/wp\/v2\/comments?post=2152"}],"version-history":[{"count":0,"href":"https:\/\/serbenidorm.daliisolutions.com\/index.php\/wp-json\/wp\/v2\/posts\/2152\/revisions"}],"wp:featuredmedia":[{"embeddable":true,"href":"https:\/\/serbenidorm.daliisolutions.com\/index.php\/wp-json\/wp\/v2\/media\/2153"}],"wp:attachment":[{"href":"https:\/\/serbenidorm.daliisolutions.com\/index.php\/wp-json\/wp\/v2\/media?parent=2152"}],"wp:term":[{"taxonomy":"category","embeddable":true,"href":"https:\/\/serbenidorm.daliisolutions.com\/index.php\/wp-json\/wp\/v2\/categories?post=2152"},{"taxonomy":"post_tag","embeddable":true,"href":"https:\/\/serbenidorm.daliisolutions.com\/index.php\/wp-json\/wp\/v2\/tags?post=2152"}],"curies":[{"name":"wp","href":"https:\/\/api.w.org\/{rel}","templated":true}]}}