{"id":21532,"date":"2026-01-15T13:34:13","date_gmt":"2026-01-15T12:34:13","guid":{"rendered":"https:\/\/serbenidorm.daliisolutions.com\/index.php\/2026\/01\/15\/los-pescadores-de-villajoyosa-se-unen-a-la-huelga-del-lunes\/"},"modified":"2026-01-15T13:34:13","modified_gmt":"2026-01-15T12:34:13","slug":"los-pescadores-de-villajoyosa-se-unen-a-la-huelga-del-lunes","status":"publish","type":"post","link":"https:\/\/serbenidorm.daliisolutions.com\/index.php\/2026\/01\/15\/los-pescadores-de-villajoyosa-se-unen-a-la-huelga-del-lunes\/","title":{"rendered":"Los pescadores de Villajoyosa se unen a la huelga del lunes"},"content":{"rendered":" <p>La Cofrad\u00eda de Pescadores de Villajoyosa informa de que, en coordinaci\u00f3n con el conjunto de cofrad\u00edas de pescadores de todo el pa\u00eds, el lunes 19 se iniciar\u00e1 una paralizaci\u00f3n de la actividad pesquera en toda Espa\u00f1a, <a href=\"https:\/\/cadenaser.com\/tag\/benidorm\/a\/\" target=\"_blank\" rel=\"nofollow\" title=\"https:\/\/cadenaser.com\/tag\/benidorm\/a\/\">con los barcos amarrados y las lonjas cerradas<\/a>.<\/p>  <p>La experiencia de los primeros d\u00edas de aplicaci\u00f3n de las nuevas obligaciones confirma lo que el sector ven\u00eda advirtiendo desde el inicio: un preaviso de llegada r\u00edgido y la obligaci\u00f3n de declarar todas las especies desde el primer kilogramo exigen una precisi\u00f3n que no existe en el mar.<\/p>  <p>El resultado es un incremento de la burocracia en plena faena, un aumento del riesgo de sanciones por diferencias inevitables en las declaraciones y, lo que es m\u00e1s grave, un riesgo real para la seguridad mar\u00edtima, ya que el patr\u00f3n puede verse obligado a desatender las labores de vigilancia y guardia en el puente.<\/p>  <p>La duraci\u00f3n de la paralizaci\u00f3n quedar\u00e1 condicionada al resultado de la reuni\u00f3n que se celebrar\u00e1 en Madrid el pr\u00f3ximo lunes 19, y que ha sido adelantada respecto a la fecha inicialmente prevista del 22 de enero. En dicho encuentro participar\u00e1n la secretaria general de Pesca del Ministerio de Agricultura, Pesca y Alimentaci\u00f3n, Isabel Artime, elpresidente de la Federaci\u00f3n Nacional de Cofrad\u00edas de Pescadores (FNCP), Basilio Otero, as\u00edcomorepresentantes del sector pesquero.<\/p>  <p>De forma paralela, pescadores y representantes de cofrad\u00edas de toda Espa\u00f1a se desplazar\u00e1n a Madrid y se concentrar\u00e1n de manera pac\u00edfica a las puertas de la Secretar\u00eda General de Pesca, donde permanecer\u00e1n a la espera del resultado de la reuni\u00f3n y del avance de las negociaciones.<\/p>  <p>El sector reclama una soluci\u00f3n inmediata, que pase por eliminar el preaviso en los t\u00e9rminos actuales y eliminar o flexibilizar de manera efectiva el sistema de registro de capturas, aplicando criterios proporcionados y ajustados a la realidad de la pesca.<\/p>  <p>La Cofrad\u00eda de Pescadores de Villajoyosa insiste en que se trata de una movilizaci\u00f3npac\u00edfica, pero advierte de que, si no se alcanza una soluci\u00f3n real, el sector se ver\u00e1 obligado a mantener la paralizaci\u00f3npara evitar quesalir a faenar se convierta en salir a pescar sanciones.<\/p> ","protected":false},"excerpt":{"rendered":"<p>Las cofrad\u00edas se manifestar\u00e1n en Madrid y decidir\u00e1n tras una reuni\u00f3n cu\u00e1nto dura el paro en puertos y lonjas<\/p>\n","protected":false},"author":0,"featured_media":21533,"comment_status":"","ping_status":"open","sticky":false,"template":"","format":"standard","meta":{"_acf_changed":false,"footnotes":""},"categories":[1],"tags":[],"class_list":["post-21532","post","type-post","status-publish","format-standard","has-post-thumbnail","hentry","category-sin-categoria"],"acf":{"ser_id":"72RGT36H4FCBBBJ2VBOJZDPU6U","ser_url":"https:\/\/cadenaser.com\/comunitat-valenciana\/2026\/01\/15\/los-pescadores-de-villajoyosa-se-unen-a-la-huelga-del-lunes-radio-benidorm\/"},"_links":{"self":[{"href":"https:\/\/serbenidorm.daliisolutions.com\/index.php\/wp-json\/wp\/v2\/posts\/21532","targetHints":{"allow":["GET"]}}],"collection":[{"href":"https:\/\/serbenidorm.daliisolutions.com\/index.php\/wp-json\/wp\/v2\/posts"}],"about":[{"href":"https:\/\/serbenidorm.daliisolutions.com\/index.php\/wp-json\/wp\/v2\/types\/post"}],"replies":[{"embeddable":true,"href":"https:\/\/serbenidorm.daliisolutions.com\/index.php\/wp-json\/wp\/v2\/comments?post=21532"}],"version-history":[{"count":0,"href":"https:\/\/serbenidorm.daliisolutions.com\/index.php\/wp-json\/wp\/v2\/posts\/21532\/revisions"}],"wp:featuredmedia":[{"embeddable":true,"href":"https:\/\/serbenidorm.daliisolutions.com\/index.php\/wp-json\/wp\/v2\/media\/21533"}],"wp:attachment":[{"href":"https:\/\/serbenidorm.daliisolutions.com\/index.php\/wp-json\/wp\/v2\/media?parent=21532"}],"wp:term":[{"taxonomy":"category","embeddable":true,"href":"https:\/\/serbenidorm.daliisolutions.com\/index.php\/wp-json\/wp\/v2\/categories?post=21532"},{"taxonomy":"post_tag","embeddable":true,"href":"https:\/\/serbenidorm.daliisolutions.com\/index.php\/wp-json\/wp\/v2\/tags?post=21532"}],"curies":[{"name":"wp","href":"https:\/\/api.w.org\/{rel}","templated":true}]}}