{"id":2154,"date":"2024-02-08T17:07:37","date_gmt":"2024-02-08T16:07:37","guid":{"rendered":"https:\/\/serbenidorm.daliisolutions.com\/index.php\/2024\/02\/08\/el-gobik-factory-team-arranca-este-sabado-una-temporada-de-grandes-retos\/"},"modified":"2024-02-08T17:07:37","modified_gmt":"2024-02-08T16:07:37","slug":"el-gobik-factory-team-arranca-este-sabado-una-temporada-de-grandes-retos","status":"publish","type":"post","link":"https:\/\/serbenidorm.daliisolutions.com\/index.php\/2024\/02\/08\/el-gobik-factory-team-arranca-este-sabado-una-temporada-de-grandes-retos\/","title":{"rendered":"El Gobik Factory Team arranca este s\u00e1bado una temporada de grandes retos"},"content":{"rendered":"  <p>Benidorm<\/p>   <p>El Gobik Factory Team vilero afrontar\u00e1 este s\u00e1bado en La Nuc\u00eda su primera gran cita de la presente temporada. Lo har\u00e1 menos de 24 horas despu\u00e9s de que el Club Ciclista La Vila, entidad matriz del proyecto, presente en las instalaciones de Albir Motor no s\u00f3lo ese primer equipo, sino tambi\u00e9n a todos los corredores que este a\u00f1o defender\u00e1n los intereses del club en las categor\u00edas de base.<\/p>   <p>Antes de esa puesta de largo, que arrancar\u00e1 a las siete de la tarde y a la que podr\u00e1n asistir todos los aficionados que lo deseen, Amparo Chapa y V\u00edctor Sell\u00e9s, los grandes impulsores de este proyecto, han pasado por <a href=\"https:\/\/cadenaser.com\/radio-benidorm\/ser-deportivos-benidorm\/\" target=\"_blank\" rel=\"noopener\">SER Deportivos Marina Baixa<\/a> para detallar algunos de los pormenores de una temporada especialmente ilusionante.<\/p>   <p>Para este curso, el Club Ciclista La Vila contar\u00e1 con 18 ciclistas en las categor\u00edas de Escuelas (desde Promesas hasta Infantil), siete corredores en Cantera (Cadete y J\u00fanior) y un primer equipo, el Gobik Factory Team, con siete efectivos.<\/p>   <p>Con la Copa de Espa\u00f1a, el Superprestigio y el Campeonato de Espa\u00f1a como grandes objetivos, el equipo con sede en La Vila Joiosa podr\u00e1, adem\u00e1s, fijarse retos internacionales despu\u00e9s de haberse hecho con los servicios de la mexicana Cyntia Mart\u00edn, actual n\u00famero tres de la clasificaci\u00f3n de la Uni\u00f3n Ciclista Internacional (UCI) en la categor\u00eda J\u00fanior y una de las grandes promesas del mountain bike mundial.<\/p>   <p>Con Mart\u00edn, de hecho, Chapa y Sell\u00e9s no descartan poder dar la campanada en alguna cita de la Copa del Mundo e, incluso, en el Mundial, donde no descartan, si todo sale bien, poder pelear incluso por alg\u00fan puesto de podio.<\/p> ","protected":false},"excerpt":{"rendered":"<p>El C.C. La Vila presentar\u00e1 el viernes su nuevo proyecto con todos los ciclistas de la base acompa\u00f1ando a sus referentes<\/p>\n","protected":false},"author":0,"featured_media":2155,"comment_status":"open","ping_status":"open","sticky":false,"template":"","format":"standard","meta":{"_acf_changed":false,"footnotes":""},"categories":[16],"tags":[],"class_list":["post-2154","post","type-post","status-publish","format-standard","has-post-thumbnail","hentry","category-deportes"],"acf":{"ser_id":"JQFFIGBOK5FMHGK72UAXSINCEM","ser_url":"https:\/\/cadenaser.com\/comunitat-valenciana\/2024\/02\/08\/el-gobik-factory-team-arranca-este-sabado-una-temporada-de-grandes-retos-radio-benidorm\/"},"_links":{"self":[{"href":"https:\/\/serbenidorm.daliisolutions.com\/index.php\/wp-json\/wp\/v2\/posts\/2154","targetHints":{"allow":["GET"]}}],"collection":[{"href":"https:\/\/serbenidorm.daliisolutions.com\/index.php\/wp-json\/wp\/v2\/posts"}],"about":[{"href":"https:\/\/serbenidorm.daliisolutions.com\/index.php\/wp-json\/wp\/v2\/types\/post"}],"replies":[{"embeddable":true,"href":"https:\/\/serbenidorm.daliisolutions.com\/index.php\/wp-json\/wp\/v2\/comments?post=2154"}],"version-history":[{"count":0,"href":"https:\/\/serbenidorm.daliisolutions.com\/index.php\/wp-json\/wp\/v2\/posts\/2154\/revisions"}],"wp:featuredmedia":[{"embeddable":true,"href":"https:\/\/serbenidorm.daliisolutions.com\/index.php\/wp-json\/wp\/v2\/media\/2155"}],"wp:attachment":[{"href":"https:\/\/serbenidorm.daliisolutions.com\/index.php\/wp-json\/wp\/v2\/media?parent=2154"}],"wp:term":[{"taxonomy":"category","embeddable":true,"href":"https:\/\/serbenidorm.daliisolutions.com\/index.php\/wp-json\/wp\/v2\/categories?post=2154"},{"taxonomy":"post_tag","embeddable":true,"href":"https:\/\/serbenidorm.daliisolutions.com\/index.php\/wp-json\/wp\/v2\/tags?post=2154"}],"curies":[{"name":"wp","href":"https:\/\/api.w.org\/{rel}","templated":true}]}}