{"id":2156,"date":"2024-02-08T17:07:38","date_gmt":"2024-02-08T16:07:38","guid":{"rendered":"https:\/\/serbenidorm.daliisolutions.com\/index.php\/2024\/02\/08\/polop-vuelve-al-medievo-con-la-sexta-edicion-de-su-xtrem-race\/"},"modified":"2024-02-08T17:07:38","modified_gmt":"2024-02-08T16:07:38","slug":"polop-vuelve-al-medievo-con-la-sexta-edicion-de-su-xtrem-race","status":"publish","type":"post","link":"https:\/\/serbenidorm.daliisolutions.com\/index.php\/2024\/02\/08\/polop-vuelve-al-medievo-con-la-sexta-edicion-de-su-xtrem-race\/","title":{"rendered":"Polop vuelve al medievo con la sexta edici\u00f3n de su Xtrem Race"},"content":{"rendered":"  <p>Benidorm<\/p>   <p>La sexta edici\u00f3n de la Medieval Xtrem Race de Polop volver\u00e1 a unir deporte, diversi\u00f3n y, en cierta medida, cultura el pr\u00f3ximo fin de semana con las dos pruebas previstas que tendr\u00e1n lugar tanto en las calles como en los espacios naturales de la localidad.<\/p>   <p>La Xtrem Race, valedera tanto para el campeonato de Europa que se debe de disputar en Italia como para el campeonato del Mundo de Estados Unidos, consiste en un recorrido jalonado de todo tipo de obst\u00e1culos que los atletas deber\u00e1n recorrer en el menor tiempo posible.<\/p>   <p>Adem\u00e1s de las dos distancias competitivas, de nueve y cinco kil\u00f3metros, con 45 y 25 obst\u00e1culos, respectivamente; la organizaci\u00f3n tambi\u00e9n ha previsto una tercera cita, en este caso no competitiva, para poder ser completada por los m\u00e1s peque\u00f1os o en familia.<\/p>   <p>Roxana Neagu, organizadora del evento, y \u00c1ngela Fuster, concejala de Deportes del ayuntamiento de Polop, pasaron este mi\u00e9rcoles por los micr\u00f3fonos de SER Deportivos Marina Baixa para explicar los pormenores de una prueba que, como todo buen evento medieval, tambi\u00e9n ofrecer\u00e1 a los asistentes la posibilidad de disfrutar de la gastronom\u00eda local en la zona de salida y meta, situada en la plaza de la Ermita.<\/p>   <p><b>Arranca la pilota valenciana<\/b><\/p>   <p>Fuster, adem\u00e1s, explic\u00f3 que este mismo fin de semana arrancar\u00e1, tambi\u00e9n en Polop, la Lliga A Palma de pilota valenciana, con un partido entre el equipo local y Parcent B.<\/p>   <p>Ser\u00e1 esta, tal y como ha explicado, una temporada muy importante e ilusionante para la pilota valenciana polopina ya que, adem\u00e1s de que su equipo tratar\u00e1 de buscar el ascenso, desde el \u00e1rea de Deportes se va a recuperar y potenciar la escuela de pilota para promocionar el m\u00e1s aut\u00f3ctono de nuestros deportes.<\/p> ","protected":false},"excerpt":{"rendered":"<p>Este fin de semana arranca tambi\u00e9n la temporada de pilota en el municipio polopino<\/p>\n","protected":false},"author":0,"featured_media":2157,"comment_status":"open","ping_status":"open","sticky":false,"template":"","format":"standard","meta":{"_acf_changed":false,"footnotes":""},"categories":[16],"tags":[],"class_list":["post-2156","post","type-post","status-publish","format-standard","has-post-thumbnail","hentry","category-deportes"],"acf":{"ser_id":"4DMDJ7A2XRBFPOJPB2DG4EQCUI","ser_url":"https:\/\/cadenaser.com\/comunitat-valenciana\/2024\/02\/08\/polop-vuelve-al-medievo-con-la-sexta-edicion-de-su-xtrem-race-radio-benidorm\/"},"_links":{"self":[{"href":"https:\/\/serbenidorm.daliisolutions.com\/index.php\/wp-json\/wp\/v2\/posts\/2156","targetHints":{"allow":["GET"]}}],"collection":[{"href":"https:\/\/serbenidorm.daliisolutions.com\/index.php\/wp-json\/wp\/v2\/posts"}],"about":[{"href":"https:\/\/serbenidorm.daliisolutions.com\/index.php\/wp-json\/wp\/v2\/types\/post"}],"replies":[{"embeddable":true,"href":"https:\/\/serbenidorm.daliisolutions.com\/index.php\/wp-json\/wp\/v2\/comments?post=2156"}],"version-history":[{"count":0,"href":"https:\/\/serbenidorm.daliisolutions.com\/index.php\/wp-json\/wp\/v2\/posts\/2156\/revisions"}],"wp:featuredmedia":[{"embeddable":true,"href":"https:\/\/serbenidorm.daliisolutions.com\/index.php\/wp-json\/wp\/v2\/media\/2157"}],"wp:attachment":[{"href":"https:\/\/serbenidorm.daliisolutions.com\/index.php\/wp-json\/wp\/v2\/media?parent=2156"}],"wp:term":[{"taxonomy":"category","embeddable":true,"href":"https:\/\/serbenidorm.daliisolutions.com\/index.php\/wp-json\/wp\/v2\/categories?post=2156"},{"taxonomy":"post_tag","embeddable":true,"href":"https:\/\/serbenidorm.daliisolutions.com\/index.php\/wp-json\/wp\/v2\/tags?post=2156"}],"curies":[{"name":"wp","href":"https:\/\/api.w.org\/{rel}","templated":true}]}}