{"id":21572,"date":"2026-01-16T13:08:31","date_gmt":"2026-01-16T12:08:31","guid":{"rendered":"https:\/\/serbenidorm.daliisolutions.com\/index.php\/2026\/01\/16\/el-servigroup-poniente-benidorm-retoma-en-casa-la-liga-nacional-de-voley-playa\/"},"modified":"2026-01-16T13:08:31","modified_gmt":"2026-01-16T12:08:31","slug":"el-servigroup-poniente-benidorm-retoma-en-casa-la-liga-nacional-de-voley-playa","status":"publish","type":"post","link":"https:\/\/serbenidorm.daliisolutions.com\/index.php\/2026\/01\/16\/el-servigroup-poniente-benidorm-retoma-en-casa-la-liga-nacional-de-voley-playa\/","title":{"rendered":"El Servigroup Poniente Benidorm retoma en casa la Liga Nacional de v\u00f3ley playa"},"content":{"rendered":" <p>La arena de la playa de Poniente de Benidorm ser\u00e1 el escenario en el que el pr\u00f3ximo domingo, 18 de enero, los chicos y chicas del Servigroup Poniente Benidorm retomen la disputa de la Liga Nacional de v\u00f3ley playa, que llega a su cuarta jornada con los dos equipos de la entidad dirigida por Ra\u00fal Mesa luchando por todo.<\/p>  <p>De hecho, el equipo masculino llega al ecuador de la competici\u00f3n regular ocupando el liderato de la clasificaci\u00f3n mientras que las chicas son segundas.<\/p>  <p>El proyecto, que arranc\u00f3 hace ahora doce a\u00f1os, se ha ido consolidando con el paso del tiempo, entre otros motivos, por el \u2018efecto llamada\u2019 que la direcci\u00f3n de una leyenda del v\u00f3ley playa como Ra\u00fal Mesa ha tenido entre los jugadores y jugadoras que han decidido recalar en Benidorm para defender los colores de la entidad.<\/p>  <p>De todo ese camino recorrido y de los sue\u00f1os por cumplir hablan Ra\u00fal Mesa y varios de sus jugadores en esta edici\u00f3n especial, dedicada al v\u00f3ley playa, de SER Deportivos Marina Baixa.<\/p> ","protected":false},"excerpt":{"rendered":"<p>Ra\u00fal Mesa y sus jugadores analizan en SER Deportivos Marina Baixa la marcha del club en la actual temporada<\/p>\n","protected":false},"author":0,"featured_media":21573,"comment_status":"","ping_status":"open","sticky":false,"template":"","format":"standard","meta":{"_acf_changed":false,"footnotes":""},"categories":[16],"tags":[],"class_list":["post-21572","post","type-post","status-publish","format-standard","has-post-thumbnail","hentry","category-deportes"],"acf":{"ser_id":"NOJYJYCEWNC75CTU5OF2Y6HIGI","ser_url":"https:\/\/cadenaser.com\/comunitat-valenciana\/2026\/01\/16\/el-servigroup-poniente-benidorm-retoma-en-casa-la-liga-nacional-de-voley-playa-radio-benidorm\/"},"_links":{"self":[{"href":"https:\/\/serbenidorm.daliisolutions.com\/index.php\/wp-json\/wp\/v2\/posts\/21572","targetHints":{"allow":["GET"]}}],"collection":[{"href":"https:\/\/serbenidorm.daliisolutions.com\/index.php\/wp-json\/wp\/v2\/posts"}],"about":[{"href":"https:\/\/serbenidorm.daliisolutions.com\/index.php\/wp-json\/wp\/v2\/types\/post"}],"replies":[{"embeddable":true,"href":"https:\/\/serbenidorm.daliisolutions.com\/index.php\/wp-json\/wp\/v2\/comments?post=21572"}],"version-history":[{"count":0,"href":"https:\/\/serbenidorm.daliisolutions.com\/index.php\/wp-json\/wp\/v2\/posts\/21572\/revisions"}],"wp:featuredmedia":[{"embeddable":true,"href":"https:\/\/serbenidorm.daliisolutions.com\/index.php\/wp-json\/wp\/v2\/media\/21573"}],"wp:attachment":[{"href":"https:\/\/serbenidorm.daliisolutions.com\/index.php\/wp-json\/wp\/v2\/media?parent=21572"}],"wp:term":[{"taxonomy":"category","embeddable":true,"href":"https:\/\/serbenidorm.daliisolutions.com\/index.php\/wp-json\/wp\/v2\/categories?post=21572"},{"taxonomy":"post_tag","embeddable":true,"href":"https:\/\/serbenidorm.daliisolutions.com\/index.php\/wp-json\/wp\/v2\/tags?post=21572"}],"curies":[{"name":"wp","href":"https:\/\/api.w.org\/{rel}","templated":true}]}}