{"id":21577,"date":"2026-01-16T14:37:00","date_gmt":"2026-01-16T13:37:00","guid":{"rendered":"https:\/\/serbenidorm.daliisolutions.com\/index.php\/2026\/01\/16\/dos-menores-en-una-patera-en-benidorm-la-primera-de-la-comunitat-valenciana-en-2026\/"},"modified":"2026-01-16T14:37:00","modified_gmt":"2026-01-16T13:37:00","slug":"dos-menores-en-una-patera-en-benidorm-la-primera-de-la-comunitat-valenciana-en-2026","status":"publish","type":"post","link":"https:\/\/serbenidorm.daliisolutions.com\/index.php\/2026\/01\/16\/dos-menores-en-una-patera-en-benidorm-la-primera-de-la-comunitat-valenciana-en-2026\/","title":{"rendered":"Dos menores en una patera en Benidorm, la primera de la Comunitat Valenciana en 2026"},"content":{"rendered":" <p>Dos menores de edad y ocho adultos han sido atendidos esta madrugada en un relativo buen estado de salud tras alcanzar la costa de Benidorm a bordo de una patera, <a href=\"https:\/\/cadenaser.com\/tag\/benidorm\/a\/\" target=\"_blank\" rel=\"nofollow\" title=\"https:\/\/cadenaser.com\/tag\/benidorm\/a\/\">la primera llegada a la Comunitat Valenciana durante este 2026<\/a>.<\/p>  <p>Los migrantes son todos de procedencia magreb\u00ed han sido detectados en torno a las 1.45 horas en la playa de Levante, a la altura del edificio S Margarita, y fueron trasladados hasta el punto de atenci\u00f3n sociosanitaria situado en el puerto de la ciudad de Alicante, gestionado por la Cruz Roja.<\/p>  <p>Se trata de los primeros diez migrantes que alcanzan las costas del territorio valenciano tras un 2025 en el que llegaron 340, casi la mitad que los a\u00f1os precedentes y la cifra m\u00e1s baja de la \u00faltima d\u00e9cada aunque los servicios de emergencias constataron que presentaban un peor estado de salud, fundamentalmente por heridas.<\/p>  <p>Esa ca\u00edda se atribuye, seg\u00fan los expertos, a la apertura de nuevas rutas por el mar Mediterr\u00e1neo, fundamentalmente las que se dirigen a Baleares.<\/p>  <p>De esta manera, la cifra global se ha reducido en los \u00faltimos a\u00f1os ya que en 2024 llegaron casi el doble, 643, mientras que un a\u00f1o antes 776 y las cifras precedentes fueron de 410, 848, 924, 673, 353, 388, 116, 26 y 84, consecutivamente y siendo \u00e9ste \u00faltimo a\u00f1o 2014. <\/p> ","protected":false},"excerpt":{"rendered":"<p>Ha llegado con un total de diez personas a bordo a la playa de Levante en la madrugada del jueves al viernes<\/p>\n","protected":false},"author":0,"featured_media":21578,"comment_status":"","ping_status":"open","sticky":false,"template":"","format":"standard","meta":{"_acf_changed":false,"footnotes":""},"categories":[1],"tags":[],"class_list":["post-21577","post","type-post","status-publish","format-standard","has-post-thumbnail","hentry","category-sin-categoria"],"acf":{"ser_id":"ZFQVIWTBB5HLZKVOZTZCE4A7HU","ser_url":"https:\/\/cadenaser.com\/comunitat-valenciana\/2026\/01\/16\/dos-menores-en-una-patera-en-benidorm-la-primera-de-la-comunitat-valenciana-en-2026-radio-benidorm\/"},"_links":{"self":[{"href":"https:\/\/serbenidorm.daliisolutions.com\/index.php\/wp-json\/wp\/v2\/posts\/21577","targetHints":{"allow":["GET"]}}],"collection":[{"href":"https:\/\/serbenidorm.daliisolutions.com\/index.php\/wp-json\/wp\/v2\/posts"}],"about":[{"href":"https:\/\/serbenidorm.daliisolutions.com\/index.php\/wp-json\/wp\/v2\/types\/post"}],"replies":[{"embeddable":true,"href":"https:\/\/serbenidorm.daliisolutions.com\/index.php\/wp-json\/wp\/v2\/comments?post=21577"}],"version-history":[{"count":0,"href":"https:\/\/serbenidorm.daliisolutions.com\/index.php\/wp-json\/wp\/v2\/posts\/21577\/revisions"}],"wp:featuredmedia":[{"embeddable":true,"href":"https:\/\/serbenidorm.daliisolutions.com\/index.php\/wp-json\/wp\/v2\/media\/21578"}],"wp:attachment":[{"href":"https:\/\/serbenidorm.daliisolutions.com\/index.php\/wp-json\/wp\/v2\/media?parent=21577"}],"wp:term":[{"taxonomy":"category","embeddable":true,"href":"https:\/\/serbenidorm.daliisolutions.com\/index.php\/wp-json\/wp\/v2\/categories?post=21577"},{"taxonomy":"post_tag","embeddable":true,"href":"https:\/\/serbenidorm.daliisolutions.com\/index.php\/wp-json\/wp\/v2\/tags?post=21577"}],"curies":[{"name":"wp","href":"https:\/\/api.w.org\/{rel}","templated":true}]}}