{"id":21580,"date":"2026-01-16T19:20:43","date_gmt":"2026-01-16T18:20:43","guid":{"rendered":"https:\/\/serbenidorm.daliisolutions.com\/index.php\/2026\/01\/16\/felipe-orts-anfitrion-y-gran-esperanza-de-la-copa-del-mundo-de-benidorm\/"},"modified":"2026-01-16T19:20:43","modified_gmt":"2026-01-16T18:20:43","slug":"felipe-orts-anfitrion-y-gran-esperanza-de-la-copa-del-mundo-de-benidorm","status":"publish","type":"post","link":"https:\/\/serbenidorm.daliisolutions.com\/index.php\/2026\/01\/16\/felipe-orts-anfitrion-y-gran-esperanza-de-la-copa-del-mundo-de-benidorm\/","title":{"rendered":"Felipe Orts, anfitri\u00f3n y gran esperanza de la Copa del Mundo de Benidorm"},"content":{"rendered":" <p>A principios de este siglo en el mundillo ciclista de la Marina Baixa comenz\u00f3 a sonar con fuerza el nombre de un ni\u00f1o que dominaba con solvencia las carreras de Escuelas en las que tomaba parte. Como siempre que en edades tan tempranas, apenas 6 o 7 a\u00f1os, un deportista despunta, los que saben de esto trataban de mantener el equilibrio entre la l\u00f3gica ilusi\u00f3n de estar frente a un diamante en bruto y la necesaria prudencia con la que se deben tratar las expectativas a esas alturas de su incipiente carrera.<\/p>  <p>Con los a\u00f1os, aquel ni\u00f1o fue alej\u00e1ndose del asfalto para probar suerte en el \u2018off road\u2019, un camino que le llev\u00f3 a enamorarse del ciclocross, una especialidad casi clandestina en Espa\u00f1a. El ni\u00f1o creci\u00f3 y su evoluci\u00f3n segu\u00eda una progresi\u00f3n cada vez m\u00e1s ilusionante.<\/p>  <p>Ahora, cumplidos los 30 y tras casi una d\u00e9cada en la categor\u00eda Elite, Felipe Orts se ha ganado el derecho de ser se\u00f1alado como el mejor especialista espa\u00f1ol de todos los tiempos y uno de los mejores corredores del pelot\u00f3n invernal internacional del momento.<\/p>  <p>Gracias a \u00e9l, el ciclocross ya no es clandestino. Gracias a \u00e9l, Espa\u00f1a ha recuperado una prueba de la Copa del Mundo, el torneo m\u00e1s importante del planeta. Gracias a \u00e9l, Benidorm podr\u00eda ser sede del Mundial en 2031. Y gracias a \u00e9l, este domingo los aficionados que acudan al circuito de El Moralet y Foietes lo har\u00e1n so\u00f1ando con la posibilidad de verle en el podio, una opci\u00f3n que no es, ni mucho menos, una utop\u00eda.<\/p>  <p>A falta de 48 horas para esa cita, la m\u00e1s importante para \u00e9l de la temporada, SER Deportivos Marina Baixa ha compartido con el corredor de La Vila Joiosa la \u00faltima charla antes del gran reto. En el Hotel Cap Negret, donde se encuentra concentrado desde su regreso de Taranc\u00f3n (donde se colg\u00f3 el octavo oro consecutivo en un Campeonato de Espa\u00f1a), Orts conversa con los periodistas especializados en ciclocross Fran Reyes, Albert Rivera y Josu\u00e9 Elena. <\/p>  <p>Entre todos, repasan recuerdos y, sobre todo, reconocen el papel fundamental de aquel ni\u00f1o que maravillaba en Escuelas y que, explica, fue doblado en la primera gran carrera internacional en la que particip\u00f3. De aquel joven que se proclam\u00f3 subcampe\u00f3n del mundo Sub-23 en Bieles (Luxemburgo) y del adulto que ya se mide sin complejo alguno con belgas y neerlandeses, dominadores hist\u00f3ricos del barro.<\/p> ","protected":false},"excerpt":{"rendered":"<p>SER Deportivos Marina Baixa comparte charla y recuerdos con el de La Vila Joiosa a 48 horas de la gran cita del a\u00f1o<\/p>\n","protected":false},"author":0,"featured_media":21581,"comment_status":"","ping_status":"open","sticky":false,"template":"","format":"standard","meta":{"_acf_changed":false,"footnotes":""},"categories":[1],"tags":[],"class_list":["post-21580","post","type-post","status-publish","format-standard","has-post-thumbnail","hentry","category-sin-categoria"],"acf":{"ser_id":"ANY2EWZ4PBCWNP3C6TSGOVESEE","ser_url":"https:\/\/cadenaser.com\/comunitat-valenciana\/2026\/01\/16\/felipe-orts-anfitrion-y-gran-esperanza-de-la-copa-del-mundo-de-benidorm-radio-benidorm\/"},"_links":{"self":[{"href":"https:\/\/serbenidorm.daliisolutions.com\/index.php\/wp-json\/wp\/v2\/posts\/21580","targetHints":{"allow":["GET"]}}],"collection":[{"href":"https:\/\/serbenidorm.daliisolutions.com\/index.php\/wp-json\/wp\/v2\/posts"}],"about":[{"href":"https:\/\/serbenidorm.daliisolutions.com\/index.php\/wp-json\/wp\/v2\/types\/post"}],"replies":[{"embeddable":true,"href":"https:\/\/serbenidorm.daliisolutions.com\/index.php\/wp-json\/wp\/v2\/comments?post=21580"}],"version-history":[{"count":0,"href":"https:\/\/serbenidorm.daliisolutions.com\/index.php\/wp-json\/wp\/v2\/posts\/21580\/revisions"}],"wp:featuredmedia":[{"embeddable":true,"href":"https:\/\/serbenidorm.daliisolutions.com\/index.php\/wp-json\/wp\/v2\/media\/21581"}],"wp:attachment":[{"href":"https:\/\/serbenidorm.daliisolutions.com\/index.php\/wp-json\/wp\/v2\/media?parent=21580"}],"wp:term":[{"taxonomy":"category","embeddable":true,"href":"https:\/\/serbenidorm.daliisolutions.com\/index.php\/wp-json\/wp\/v2\/categories?post=21580"},{"taxonomy":"post_tag","embeddable":true,"href":"https:\/\/serbenidorm.daliisolutions.com\/index.php\/wp-json\/wp\/v2\/tags?post=21580"}],"curies":[{"name":"wp","href":"https:\/\/api.w.org\/{rel}","templated":true}]}}