{"id":21602,"date":"2026-01-17T14:42:11","date_gmt":"2026-01-17T13:42:11","guid":{"rendered":"https:\/\/serbenidorm.daliisolutions.com\/index.php\/2026\/01\/17\/mathieu-van-de-poel-se-apunta-a-la-copa-del-mundo-de-benidorm\/"},"modified":"2026-01-17T14:42:11","modified_gmt":"2026-01-17T13:42:11","slug":"mathieu-van-de-poel-se-apunta-a-la-copa-del-mundo-de-benidorm","status":"publish","type":"post","link":"https:\/\/serbenidorm.daliisolutions.com\/index.php\/2026\/01\/17\/mathieu-van-de-poel-se-apunta-a-la-copa-del-mundo-de-benidorm\/","title":{"rendered":"Mathieu Van de Poel se apunta a la Copa del Mundo de Benidorm"},"content":{"rendered":" <p>El mejor especialista invernal de todos los tiempos, Mathieu Van der Poel, s\u00ed ser\u00e1 finalmente de la partida ma\u00f1ana domingo en la Copa del Mundo de Ciclocross UCI \u2013 Benidorm Costa Blanca 2026 que se diputar\u00e1, por cuarto a\u00f1o consecutivo, en el circuito de los parques de El Moralet y Foietes.<\/p>  <p>Tras haber sido incluido en la preselecci\u00f3n de Pa\u00edses Bajos el pasado lunes, el campe\u00f3n del mundo y vencedor en Benidorm en 2023 ha confirmado hoy que el domingo regresar\u00e1 al \u00faltimo circuito en el que, tras tomar la salida, no cruz\u00f3 la l\u00ednea de meta como vencedor (tras ser quinto en 2024).<\/p>  <p>Desde aquel ya legendario \u2018farolazo\u2019, el autor de uno de los v\u00eddeos m\u00e1s virales y emocionantes del ciclocross moderno (aquel brutal y demoledor ataque en la subida de la avenida 9 d\u2019Octubre, donde hoy est\u00e1 situada la l\u00ednea de meta); Van der Poel ha vencido en las 20 carreras que ha disputado.<\/p>  <p>Portador del maillot arco\u00edris desde hace ya siete temporadas de manera ininterrumpida, Van der Poel llegar\u00e1 a Benidorm como l\u00edder de la general de la Copa del Mundo con s\u00f3lo diez puntos de ventaja sobre el belga Thibau Nys, por lo que el duelo entre ambos (Nys fue el ganador en 2025) promete ser antol\u00f3gico toda vez que podr\u00eda encarrilar ya de manera muy clara el desenlace del torneo a falta de dos pruebas para el final.<\/p> ","protected":false},"excerpt":{"rendered":"<p>El campe\u00f3n del mundo defender\u00e1 en El Moralet y Foietes su liderato en la general<\/p>\n","protected":false},"author":0,"featured_media":21603,"comment_status":"","ping_status":"open","sticky":false,"template":"","format":"standard","meta":{"_acf_changed":false,"footnotes":""},"categories":[16],"tags":[],"class_list":["post-21602","post","type-post","status-publish","format-standard","has-post-thumbnail","hentry","category-deportes"],"acf":{"ser_id":"7KVUQILXEVAFZE3JIGUQM4KXZA","ser_url":"https:\/\/cadenaser.com\/comunitat-valenciana\/2026\/01\/17\/mathieu-van-de-poel-se-apunta-a-la-copa-del-mundo-de-benidorm-radio-benidorm\/"},"_links":{"self":[{"href":"https:\/\/serbenidorm.daliisolutions.com\/index.php\/wp-json\/wp\/v2\/posts\/21602","targetHints":{"allow":["GET"]}}],"collection":[{"href":"https:\/\/serbenidorm.daliisolutions.com\/index.php\/wp-json\/wp\/v2\/posts"}],"about":[{"href":"https:\/\/serbenidorm.daliisolutions.com\/index.php\/wp-json\/wp\/v2\/types\/post"}],"replies":[{"embeddable":true,"href":"https:\/\/serbenidorm.daliisolutions.com\/index.php\/wp-json\/wp\/v2\/comments?post=21602"}],"version-history":[{"count":0,"href":"https:\/\/serbenidorm.daliisolutions.com\/index.php\/wp-json\/wp\/v2\/posts\/21602\/revisions"}],"wp:featuredmedia":[{"embeddable":true,"href":"https:\/\/serbenidorm.daliisolutions.com\/index.php\/wp-json\/wp\/v2\/media\/21603"}],"wp:attachment":[{"href":"https:\/\/serbenidorm.daliisolutions.com\/index.php\/wp-json\/wp\/v2\/media?parent=21602"}],"wp:term":[{"taxonomy":"category","embeddable":true,"href":"https:\/\/serbenidorm.daliisolutions.com\/index.php\/wp-json\/wp\/v2\/categories?post=21602"},{"taxonomy":"post_tag","embeddable":true,"href":"https:\/\/serbenidorm.daliisolutions.com\/index.php\/wp-json\/wp\/v2\/tags?post=21602"}],"curies":[{"name":"wp","href":"https:\/\/api.w.org\/{rel}","templated":true}]}}