{"id":21614,"date":"2026-01-18T08:55:16","date_gmt":"2026-01-18T07:55:16","guid":{"rendered":"https:\/\/serbenidorm.daliisolutions.com\/index.php\/2026\/01\/18\/el-servigroup-benidorm-arranca-un-punto-importante-en-tenerife\/"},"modified":"2026-01-18T08:55:16","modified_gmt":"2026-01-18T07:55:16","slug":"el-servigroup-benidorm-arranca-un-punto-importante-en-tenerife","status":"publish","type":"post","link":"https:\/\/serbenidorm.daliisolutions.com\/index.php\/2026\/01\/18\/el-servigroup-benidorm-arranca-un-punto-importante-en-tenerife\/","title":{"rendered":"El Servigroup Benidorm arranca un punto importante en Tenerife"},"content":{"rendered":" <p>El Servigroup Benidorm cay\u00f3 derrotado este s\u00e1bado en su visita a la cancha del Cisneros La Laguna tinerfe\u00f1o pese a que los de Mat\u00edas Guidolin hab\u00edan conseguido encarrilar el choque tras imponerse en los dos primeros sets del mismo.<\/p>  <p>As\u00ed las cosas, el Servigroup Benidorm acab\u00f3 perdiendo por 3-2 (24-26, 23-25, 25-21, 25-21 y 15-12) arrancando, eso s\u00ed, un punto muy importante de cara a su pelea por amarrar cuanto antes la permanencia en la m\u00e1xima categor\u00eda del v\u00f3ley nacional.<\/p> ","protected":false},"excerpt":{"rendered":"<p>Los de Mat\u00edas Guidolin acabaron cediendo un partido que hab\u00edan encarrilado <\/p>\n","protected":false},"author":0,"featured_media":21615,"comment_status":"","ping_status":"open","sticky":false,"template":"","format":"standard","meta":{"_acf_changed":false,"footnotes":""},"categories":[16],"tags":[],"class_list":["post-21614","post","type-post","status-publish","format-standard","has-post-thumbnail","hentry","category-deportes"],"acf":{"ser_id":"VMH5P2CU45G65IR3J3FJRLX57Q","ser_url":"https:\/\/cadenaser.com\/comunitat-valenciana\/2026\/01\/18\/el-servigroup-benidorm-arranca-un-punto-importante-en-tenerife-radio-benidorm\/"},"_links":{"self":[{"href":"https:\/\/serbenidorm.daliisolutions.com\/index.php\/wp-json\/wp\/v2\/posts\/21614","targetHints":{"allow":["GET"]}}],"collection":[{"href":"https:\/\/serbenidorm.daliisolutions.com\/index.php\/wp-json\/wp\/v2\/posts"}],"about":[{"href":"https:\/\/serbenidorm.daliisolutions.com\/index.php\/wp-json\/wp\/v2\/types\/post"}],"replies":[{"embeddable":true,"href":"https:\/\/serbenidorm.daliisolutions.com\/index.php\/wp-json\/wp\/v2\/comments?post=21614"}],"version-history":[{"count":0,"href":"https:\/\/serbenidorm.daliisolutions.com\/index.php\/wp-json\/wp\/v2\/posts\/21614\/revisions"}],"wp:featuredmedia":[{"embeddable":true,"href":"https:\/\/serbenidorm.daliisolutions.com\/index.php\/wp-json\/wp\/v2\/media\/21615"}],"wp:attachment":[{"href":"https:\/\/serbenidorm.daliisolutions.com\/index.php\/wp-json\/wp\/v2\/media?parent=21614"}],"wp:term":[{"taxonomy":"category","embeddable":true,"href":"https:\/\/serbenidorm.daliisolutions.com\/index.php\/wp-json\/wp\/v2\/categories?post=21614"},{"taxonomy":"post_tag","embeddable":true,"href":"https:\/\/serbenidorm.daliisolutions.com\/index.php\/wp-json\/wp\/v2\/tags?post=21614"}],"curies":[{"name":"wp","href":"https:\/\/api.w.org\/{rel}","templated":true}]}}