{"id":21616,"date":"2026-01-18T08:55:18","date_gmt":"2026-01-18T07:55:18","guid":{"rendered":"https:\/\/serbenidorm.daliisolutions.com\/index.php\/2026\/01\/18\/la-nucia-sigue-en-racha-y-duerme-a-un-punto-de-la-promocion-de-ascenso\/"},"modified":"2026-01-18T08:55:18","modified_gmt":"2026-01-18T07:55:18","slug":"la-nucia-sigue-en-racha-y-duerme-a-un-punto-de-la-promocion-de-ascenso","status":"publish","type":"post","link":"https:\/\/serbenidorm.daliisolutions.com\/index.php\/2026\/01\/18\/la-nucia-sigue-en-racha-y-duerme-a-un-punto-de-la-promocion-de-ascenso\/","title":{"rendered":"La Nuc\u00eda sigue en racha y duerme a un punto de la promoci\u00f3n de ascenso"},"content":{"rendered":" <p>El C.F. La Nuc\u00eda logr\u00f3 ayer una importante victoria por 0-1 en casa del Roda, sumando as\u00ed su tercer triunfo consecutivo y su quinto partido sin derrota de manera seguida, algo que ha permitido a los de Vicente Mir dormir a s\u00f3lo un punto de dar caza al quinto clasificado, el Torrellano, y por lo tanto de meterse de lleno en la zona de promoci\u00f3n de ascenso.<\/p>  <p>La victoria nuciera lleg\u00f3 en el minuto 86 despu\u00e9s de que Meseguer transformar el penalti que provoc\u00f3 el \u00fanico gol del choque.<\/p>  <p>Por su parte, el C.F. Benidorm empat\u00f3 a uno en su visita al Eldense B, por lo que el punto arrancado en ese desplazamiento permitir\u00e1 a los de Javier Vidales seguir en el liderato, al menos, una semana m\u00e1s independientemente de lo que haga este domingo su principal perseguidor, el Torrevieja, que se las ver\u00e1 con un muy necesitado Thader.<\/p> ","protected":false},"excerpt":{"rendered":"<p>Pese al empate en Elda, el Benidorm seguir\u00e1 l\u00edder una semana m\u00e1s<\/p>\n","protected":false},"author":0,"featured_media":21617,"comment_status":"","ping_status":"open","sticky":false,"template":"","format":"standard","meta":{"_acf_changed":false,"footnotes":""},"categories":[16],"tags":[],"class_list":["post-21616","post","type-post","status-publish","format-standard","has-post-thumbnail","hentry","category-deportes"],"acf":{"ser_id":"CDBDV2XHCNFV7KVLHMZV75HB4Q","ser_url":"https:\/\/cadenaser.com\/comunitat-valenciana\/2026\/01\/18\/la-nucia-sigue-en-racha-y-duerme-a-un-punto-de-la-promocion-de-ascenso-radio-benidorm\/"},"_links":{"self":[{"href":"https:\/\/serbenidorm.daliisolutions.com\/index.php\/wp-json\/wp\/v2\/posts\/21616","targetHints":{"allow":["GET"]}}],"collection":[{"href":"https:\/\/serbenidorm.daliisolutions.com\/index.php\/wp-json\/wp\/v2\/posts"}],"about":[{"href":"https:\/\/serbenidorm.daliisolutions.com\/index.php\/wp-json\/wp\/v2\/types\/post"}],"replies":[{"embeddable":true,"href":"https:\/\/serbenidorm.daliisolutions.com\/index.php\/wp-json\/wp\/v2\/comments?post=21616"}],"version-history":[{"count":0,"href":"https:\/\/serbenidorm.daliisolutions.com\/index.php\/wp-json\/wp\/v2\/posts\/21616\/revisions"}],"wp:featuredmedia":[{"embeddable":true,"href":"https:\/\/serbenidorm.daliisolutions.com\/index.php\/wp-json\/wp\/v2\/media\/21617"}],"wp:attachment":[{"href":"https:\/\/serbenidorm.daliisolutions.com\/index.php\/wp-json\/wp\/v2\/media?parent=21616"}],"wp:term":[{"taxonomy":"category","embeddable":true,"href":"https:\/\/serbenidorm.daliisolutions.com\/index.php\/wp-json\/wp\/v2\/categories?post=21616"},{"taxonomy":"post_tag","embeddable":true,"href":"https:\/\/serbenidorm.daliisolutions.com\/index.php\/wp-json\/wp\/v2\/tags?post=21616"}],"curies":[{"name":"wp","href":"https:\/\/api.w.org\/{rel}","templated":true}]}}