{"id":21633,"date":"2026-01-19T09:28:50","date_gmt":"2026-01-19T08:28:50","guid":{"rendered":"https:\/\/serbenidorm.daliisolutions.com\/index.php\/2026\/01\/19\/felipe-orts-se-regala-una-tarde-historica-en-benidorm\/"},"modified":"2026-01-19T09:28:50","modified_gmt":"2026-01-19T08:28:50","slug":"felipe-orts-se-regala-una-tarde-historica-en-benidorm","status":"publish","type":"post","link":"https:\/\/serbenidorm.daliisolutions.com\/index.php\/2026\/01\/19\/felipe-orts-se-regala-una-tarde-historica-en-benidorm\/","title":{"rendered":"Felipe Orts se regala una tarde hist\u00f3rica en Benidorm"},"content":{"rendered":" <p>Mediada la quinta vuelta de la carrera Elite masculina de la Copa del Mundo de ciclocross de Benidorm celebrada este domingo, un rugido profundo, ensordecedor y casi at\u00e1vico recorri\u00f3 los parques de El Moralet y Foietes. M\u00e1s de 15.000 gargantas all\u00ed congregadas se unieron en un solo grito de apoyo, tratando de insuflarle todav\u00eda m\u00e1s ox\u00edgeno y potencia a las piernas de un Felipe Orts que, tras la arrancada imparable de Mathieu Van der Poel, decidi\u00f3 lanzar en ese momento su apuesta. <\/p>  <p>El de La Vila Joiosa arranc\u00f3 como nunca antes hab\u00eda arrancado, dejando atr\u00e1s a la n\u00f3mina de grandes nombres que peleaban, como siempre que Van der Poel toma la salida, por ser el primero de los mortales, el primero de los terrestres. <\/p>  <p>Orts rod\u00f3 solo durante toda una vuelta. En tierra de nadie. Entre Van der Poel, la leyenda, y el grupo liderado por Thibau Nys, el futuro; y en el que Tibor Del Grosso, Niels Vandeputte, Mees Hendrikx o Joris Nieuwenhuis s\u00f3lo pod\u00edan rendirse al mejor Felipe de siempre.<\/p>  <p>Ya en el sexto y antepen\u00faltimo giro fue Nys, el hijo del Can\u00edbal, el \u00fanico que se atrevi\u00f3 a contestar al \u00eddolo local. Al \u2018local legend\u2019, como se autodefin\u00eda Orts entre risas, en las horas previas a la gran carrera. <\/p>  <p>Vestido con el maillot de campe\u00f3n belga, Nys dio caza a Orts y le ofreci\u00f3 su rueda. Sabedor de que su punta de velocidad era superior en el sprint a la del espa\u00f1ol, el belga no lo dud\u00f3: la del ocho veces campe\u00f3n de Espa\u00f1a era la mejor compa\u00f1\u00eda posible para evitar la resurrecci\u00f3n del grupo perseguidor.<\/p>  <p>Y as\u00ed, entre un bosque de El Moralet y un parque urbano de Foietes cuyos decibelios parec\u00edan no encontrar fin, la dupla hispanobelga rod\u00f3 entre el gent\u00edo. Entregados todos a la belleza pl\u00e1stica del rodar de Nys y, sobre todo, al sue\u00f1o de ver a Felipe subir al podio de Benidorm.<\/p>  <p>Orts ya hab\u00eda subido al podio de la Copa del Mundo en el pasado. Lo hab\u00eda hecho el a\u00f1o pasado en Dubl\u00edn, donde fue tercero tras Michael Vanthourenthout y Toon Aerts y lo hizo, tambi\u00e9n el curso pasado, en Hulst (donde en dos semanas se disputa el Mundial) tras Niels Vandeputte. Pero nunca hab\u00eda compartido un caj\u00f3n, en Copa del Mundo, de tant\u00edsimo calibre, algo que da todav\u00eda m\u00e1s valor al tercer puesto logrado en Benidorm.<\/p>  <p>Por delante, Van der Poel culmin\u00f3 su mon\u00f3logo con un nuevo triunfo que no hace m\u00e1s que confirmarle, m\u00e1s si cabe, como el mejor especialista invernal de todos los tiempos y Felipe entraba en meta haciendo su ya tradicional caballito para, a partir de ah\u00ed, entregarse de lleno, feliz, emocionado y agradecido, a un ba\u00f1o de masas sinf\u00edn.<\/p> ","protected":false},"excerpt":{"rendered":"<p>El corredor de La Vila Joiosa subi\u00f3 al podio junto a Mathieu Van der Poel y Thibau Nys en El Moralet y Foietes<\/p>\n","protected":false},"author":0,"featured_media":21634,"comment_status":"","ping_status":"open","sticky":false,"template":"","format":"standard","meta":{"_acf_changed":false,"footnotes":""},"categories":[16],"tags":[],"class_list":["post-21633","post","type-post","status-publish","format-standard","has-post-thumbnail","hentry","category-deportes"],"acf":{"ser_id":"OFKSUBOIIZH5VHO3CMQ5KXUFGI","ser_url":"https:\/\/cadenaser.com\/comunitat-valenciana\/2026\/01\/19\/felipe-orts-se-regala-una-tarde-historica-en-benidorm-radio-benidorm\/"},"_links":{"self":[{"href":"https:\/\/serbenidorm.daliisolutions.com\/index.php\/wp-json\/wp\/v2\/posts\/21633","targetHints":{"allow":["GET"]}}],"collection":[{"href":"https:\/\/serbenidorm.daliisolutions.com\/index.php\/wp-json\/wp\/v2\/posts"}],"about":[{"href":"https:\/\/serbenidorm.daliisolutions.com\/index.php\/wp-json\/wp\/v2\/types\/post"}],"replies":[{"embeddable":true,"href":"https:\/\/serbenidorm.daliisolutions.com\/index.php\/wp-json\/wp\/v2\/comments?post=21633"}],"version-history":[{"count":0,"href":"https:\/\/serbenidorm.daliisolutions.com\/index.php\/wp-json\/wp\/v2\/posts\/21633\/revisions"}],"wp:featuredmedia":[{"embeddable":true,"href":"https:\/\/serbenidorm.daliisolutions.com\/index.php\/wp-json\/wp\/v2\/media\/21634"}],"wp:attachment":[{"href":"https:\/\/serbenidorm.daliisolutions.com\/index.php\/wp-json\/wp\/v2\/media?parent=21633"}],"wp:term":[{"taxonomy":"category","embeddable":true,"href":"https:\/\/serbenidorm.daliisolutions.com\/index.php\/wp-json\/wp\/v2\/categories?post=21633"},{"taxonomy":"post_tag","embeddable":true,"href":"https:\/\/serbenidorm.daliisolutions.com\/index.php\/wp-json\/wp\/v2\/tags?post=21633"}],"curies":[{"name":"wp","href":"https:\/\/api.w.org\/{rel}","templated":true}]}}