{"id":21643,"date":"2026-01-19T14:41:33","date_gmt":"2026-01-19T13:41:33","guid":{"rendered":"https:\/\/serbenidorm.daliisolutions.com\/index.php\/2026\/01\/19\/leire-bilbao-fitur-es-clave-para-reforzar-la-marca-benidorm-y-anticiparnos-a-las-tendencias-del-turismo\/"},"modified":"2026-01-19T14:41:33","modified_gmt":"2026-01-19T13:41:33","slug":"leire-bilbao-fitur-es-clave-para-reforzar-la-marca-benidorm-y-anticiparnos-a-las-tendencias-del-turismo","status":"publish","type":"post","link":"https:\/\/serbenidorm.daliisolutions.com\/index.php\/2026\/01\/19\/leire-bilbao-fitur-es-clave-para-reforzar-la-marca-benidorm-y-anticiparnos-a-las-tendencias-del-turismo\/","title":{"rendered":"Leire Bilbao: \u201cFITUR es clave para reforzar la marca Benidorm y anticiparnos a las tendencias del turismo\u201d"},"content":{"rendered":" <p>Benidorm afronta una nueva edici\u00f3n de FITUR con una agenda intensa y estrat\u00e9gica, marcada por reuniones profesionales, presentaciones institucionales y acciones paralelas tanto en IFEMA como en el centro de Madrid. La feria internacional del turismo, que arranca esta semana, vuelve a situarse como uno de los principales escaparates para reforzar el posicionamiento del destino.<\/p>  <p>En <a href=\"https:\/\/radiobenidorm.es\" target=\"_blank\" rel=\"nofollow\" title=\"https:\/\/radiobenidorm.es\">Hoy por Hoy Benidorm<\/a>, la directora de la Fundaci\u00f3n Visit Benidorm, Leire Bilbao, ha subrayado que FITUR \u201ces una feria muy completa y muy activa\u201d, especialmente durante los d\u00edas profesionales, en los que se concentran encuentros con agencias de viajes, distribuidores, agencias de comunicaci\u00f3n y organismos tur\u00edsticos nacionales e internacionales.<\/p>  <p>Entre los principales objetivos de Benidorm en esta edici\u00f3n, Bilbao ha se\u00f1alado la importancia de seguir consolidando la imagen de marca del destino y comunicar la amplia agenda de eventos que se desarrollar\u00e1 a lo largo del a\u00f1o, con especial protagonismo del deporte, la m\u00fasica y los grandes acontecimientos culturales.<\/p>  <p>La innovaci\u00f3n y la inteligencia tur\u00edstica vuelven a ocupar un lugar central en la estrategia promocional. Benidorm, pionero en este \u00e1mbito, mostrar\u00e1 en FITUR su evoluci\u00f3n como Destino Tur\u00edstico Inteligente, coincidiendo con la puesta en marcha de la Plataforma Inteligente de Destinos impulsada por Segittur. \u201cGestionar datos nos permite anticiparnos al mercado y mejorar la experiencia tanto del visitante como del ciudadano\u201d, ha explicado Bilbao.<\/p>  <p>M\u00e1s all\u00e1 del recinto ferial, Benidorm tambi\u00e9n tendr\u00e1 presencia en el centro de Madrid con acciones promocionales en la plaza de Callao, en colaboraci\u00f3n con la Costa Blanca. Presentaciones de eventos y actividades permitir\u00e1n acercar el destino al p\u00fablico general de forma paralela a la programaci\u00f3n oficial de FITUR.<\/p>  <p>El arranque de 2026 est\u00e1 siendo especialmente intenso para la Fundaci\u00f3n Visit Benidorm, que ya ha participado en ferias internacionales en Holanda, Finlandia y Portugal, y que coincide ahora con FITUR y la feria de turismo de Dubl\u00edn. Estas acciones se concentran en los mercados del norte de Europa, donde la planificaci\u00f3n de vacaciones se realiza con varios meses de antelaci\u00f3n.<\/p>  <p>En este contexto, Bilbao ha destacado el crecimiento de mercados como el irland\u00e9s y el portugu\u00e9s, as\u00ed como la fortaleza del mercado brit\u00e1nico, principal emisor para el destino. La mejora de la conectividad a\u00e9rea y la diversificaci\u00f3n de la oferta est\u00e1n siendo claves para mantener la fidelizaci\u00f3n y atraer nuevos perfiles de visitante.<\/p>  <p>El turismo deportivo y experiencial completa la estrategia de Benidorm, con presencia en ferias especializadas de ciclismo y running. Seg\u00fan la directora de Visit Benidorm, estos segmentos \u201cayudan a que el visitante repita y descubra nuevas motivaciones para volver\u201d, reforzando as\u00ed un modelo tur\u00edstico cada vez m\u00e1s diversificado y sostenible.<\/p> ","protected":false},"excerpt":{"rendered":"<p>La directora de la Fundaci\u00f3n Visit Benidorm destaca el peso de la innovaci\u00f3n tur\u00edstica y el arranque de a\u00f1o con acciones promocionales en los principales mercados<\/p>\n","protected":false},"author":0,"featured_media":21644,"comment_status":"","ping_status":"open","sticky":false,"template":"","format":"standard","meta":{"_acf_changed":false,"footnotes":""},"categories":[1],"tags":[],"class_list":["post-21643","post","type-post","status-publish","format-standard","has-post-thumbnail","hentry","category-sin-categoria"],"acf":{"ser_id":"UPBN7CKAGBBYLH7NSVVF5KRDO4","ser_url":"https:\/\/cadenaser.com\/comunitat-valenciana\/2026\/01\/19\/leire-bilbao-fitur-es-clave-para-reforzar-la-marca-benidorm-y-anticiparnos-a-las-tendencias-del-turismo-radio-benidorm\/"},"_links":{"self":[{"href":"https:\/\/serbenidorm.daliisolutions.com\/index.php\/wp-json\/wp\/v2\/posts\/21643","targetHints":{"allow":["GET"]}}],"collection":[{"href":"https:\/\/serbenidorm.daliisolutions.com\/index.php\/wp-json\/wp\/v2\/posts"}],"about":[{"href":"https:\/\/serbenidorm.daliisolutions.com\/index.php\/wp-json\/wp\/v2\/types\/post"}],"replies":[{"embeddable":true,"href":"https:\/\/serbenidorm.daliisolutions.com\/index.php\/wp-json\/wp\/v2\/comments?post=21643"}],"version-history":[{"count":0,"href":"https:\/\/serbenidorm.daliisolutions.com\/index.php\/wp-json\/wp\/v2\/posts\/21643\/revisions"}],"wp:featuredmedia":[{"embeddable":true,"href":"https:\/\/serbenidorm.daliisolutions.com\/index.php\/wp-json\/wp\/v2\/media\/21644"}],"wp:attachment":[{"href":"https:\/\/serbenidorm.daliisolutions.com\/index.php\/wp-json\/wp\/v2\/media?parent=21643"}],"wp:term":[{"taxonomy":"category","embeddable":true,"href":"https:\/\/serbenidorm.daliisolutions.com\/index.php\/wp-json\/wp\/v2\/categories?post=21643"},{"taxonomy":"post_tag","embeddable":true,"href":"https:\/\/serbenidorm.daliisolutions.com\/index.php\/wp-json\/wp\/v2\/tags?post=21643"}],"curies":[{"name":"wp","href":"https:\/\/api.w.org\/{rel}","templated":true}]}}