{"id":21645,"date":"2026-01-19T14:41:34","date_gmt":"2026-01-19T13:41:34","guid":{"rendered":"https:\/\/serbenidorm.daliisolutions.com\/index.php\/2026\/01\/19\/benidorm-y-la-marina-baixa-se-solidarizan-con-las-victimas-del-accidente-ferroviario-en-adamuz\/"},"modified":"2026-01-19T14:41:34","modified_gmt":"2026-01-19T13:41:34","slug":"benidorm-y-la-marina-baixa-se-solidarizan-con-las-victimas-del-accidente-ferroviario-en-adamuz","status":"publish","type":"post","link":"https:\/\/serbenidorm.daliisolutions.com\/index.php\/2026\/01\/19\/benidorm-y-la-marina-baixa-se-solidarizan-con-las-victimas-del-accidente-ferroviario-en-adamuz\/","title":{"rendered":"Benidorm y la Marina Baixa se solidarizan con las v\u00edctimas del accidente ferroviario en Adamuz"},"content":{"rendered":" <p>Los ayuntamientos de la Marina Baixa han guardado este lunes un minuto de silencio en memoria de las v\u00edctimas del terrible accidente ferroviario ocurrido la tarde de ayer en la localidad cordobesa de Adamuz, que ha dejado al menos 39 personas fallecidas y cerca de 150 heridos. <\/p>  <p>La concentraci\u00f3n silenciosa, promovida por la Federaci\u00f3n Espa\u00f1ola de Municipios y Provincias (FEMP) en todo el pa\u00eds, ha tenido lugar en Benidorm <a href=\"https:\/\/cadenaser.com\/tag\/benidorm\/a\/\" target=\"_blank\" rel=\"nofollow\" title=\"https:\/\/cadenaser.com\/tag\/benidorm\/a\/\">a mediod\u00eda en la plaza de SS MM los Reyes de Espa\u00f1a<\/a> y ha estado encabezada por el alcalde Toni P\u00e9rez, contando tambi\u00e9n con la participaci\u00f3n de la pr\u00e1ctica totalidad de la Corporaci\u00f3n municipal y de vecinos que han querido sumarse a la misma.<\/p>  <p>El alcalde ha querido unirse en nombre de la ciudad a las muestras de \u201cdolor por este terrible accidente ferroviario que ha destrozado la vida de muchas familias\u201d. Toni P\u00e9rez tambi\u00e9n ha trasladado \u201cnuestro p\u00e9same a familiares y amigos de las v\u00edctimas\u201d y se ha ofrecido a \u201ccolaborar con aquello que est\u00e9 en nuestra mano en estos duros momentos\u201d. <\/p>  <p>El siniestro se produjo sobre las 19:45 horas de este domingo, cuando un tren de alta velocidad de la compa\u00f1\u00eda Iryo, que viajaba desde M\u00e1laga con destino a Madrid y transportaba alrededor de 300 pasajeros, descarril\u00f3 e invadi\u00f3 la v\u00eda contraria, chocando con un tren de Renfe Alvia que circulaba en sentido opuesto hacia Huelva, en el que viajaban otras casi 200 personas. El impacto fue tan fuerte que varios vagones quedaron destrozados y algunos se precipitaron por un terrapl\u00e9n, complicando las labores de rescate, que todav\u00eda contin\u00faan a estas horas.<\/p>  <p>Por \u00faltimo, el primer edil ha agradecido y puesto en valor \u201cel enorme trabajo que est\u00e1n realizando los servicios m\u00e9dicos y de emergencia, as\u00ed como los gestos solidarios de todos los vecinos para colaborar y ayudar a las v\u00edctimas, familiares y heridos en este terrible suceso\u201d.<\/p> ","protected":false},"excerpt":{"rendered":"<p>Minuto de silencio en los ayuntamientos de la comarca<\/p>\n","protected":false},"author":0,"featured_media":21646,"comment_status":"","ping_status":"open","sticky":false,"template":"","format":"standard","meta":{"_acf_changed":false,"footnotes":""},"categories":[1],"tags":[],"class_list":["post-21645","post","type-post","status-publish","format-standard","has-post-thumbnail","hentry","category-sin-categoria"],"acf":{"ser_id":"ASEXPKHR5BEJJGTP4IV2YYPT5A","ser_url":"https:\/\/cadenaser.com\/comunitat-valenciana\/2026\/01\/19\/benidorm-y-la-marina-baixa-se-solidarizan-con-las-victimas-del-accidente-ferroviario-en-adamuz-radio-benidorm\/"},"_links":{"self":[{"href":"https:\/\/serbenidorm.daliisolutions.com\/index.php\/wp-json\/wp\/v2\/posts\/21645","targetHints":{"allow":["GET"]}}],"collection":[{"href":"https:\/\/serbenidorm.daliisolutions.com\/index.php\/wp-json\/wp\/v2\/posts"}],"about":[{"href":"https:\/\/serbenidorm.daliisolutions.com\/index.php\/wp-json\/wp\/v2\/types\/post"}],"replies":[{"embeddable":true,"href":"https:\/\/serbenidorm.daliisolutions.com\/index.php\/wp-json\/wp\/v2\/comments?post=21645"}],"version-history":[{"count":0,"href":"https:\/\/serbenidorm.daliisolutions.com\/index.php\/wp-json\/wp\/v2\/posts\/21645\/revisions"}],"wp:featuredmedia":[{"embeddable":true,"href":"https:\/\/serbenidorm.daliisolutions.com\/index.php\/wp-json\/wp\/v2\/media\/21646"}],"wp:attachment":[{"href":"https:\/\/serbenidorm.daliisolutions.com\/index.php\/wp-json\/wp\/v2\/media?parent=21645"}],"wp:term":[{"taxonomy":"category","embeddable":true,"href":"https:\/\/serbenidorm.daliisolutions.com\/index.php\/wp-json\/wp\/v2\/categories?post=21645"},{"taxonomy":"post_tag","embeddable":true,"href":"https:\/\/serbenidorm.daliisolutions.com\/index.php\/wp-json\/wp\/v2\/tags?post=21645"}],"curies":[{"name":"wp","href":"https:\/\/api.w.org\/{rel}","templated":true}]}}