{"id":21656,"date":"2026-01-20T07:06:38","date_gmt":"2026-01-20T06:06:38","guid":{"rendered":"https:\/\/serbenidorm.daliisolutions.com\/index.php\/2026\/01\/20\/sensacion-agridulce-de-los-pescadores-de-villajoyosa-tras-la-reunion-del-sector-con-el-gobierno\/"},"modified":"2026-01-20T07:06:38","modified_gmt":"2026-01-20T06:06:38","slug":"sensacion-agridulce-de-los-pescadores-de-villajoyosa-tras-la-reunion-del-sector-con-el-gobierno","status":"publish","type":"post","link":"https:\/\/serbenidorm.daliisolutions.com\/index.php\/2026\/01\/20\/sensacion-agridulce-de-los-pescadores-de-villajoyosa-tras-la-reunion-del-sector-con-el-gobierno\/","title":{"rendered":"Sensaci\u00f3n \u00abagridulce\u00bb de los pescadores de Villajoyosa tras la reuni\u00f3n del sector con el Gobierno"},"content":{"rendered":" <p>El Ministerio de Agricultura, Pesca y Alimentaci\u00f3n y el sector pesquero han acordado flexibilizar el reglamento de control de la pesca para facilitar su aplicaci\u00f3n y asegurar un cumplimiento \u00abeficaz y compatible\u00bb con la operatividad de la flota.<\/p>  <p>Responsables del ministerio se han reunido este lunes con la Federaci\u00f3n Nacional de Cofrad\u00edas de Pescadores para analizar las dificultades planteadas por el sector en la aplicaci\u00f3n de determinadas disposiciones del Reglamento 2023\/2024, que entr\u00f3 en vigor el 10 de enero y que ha causado protestas y paros en los puertos.<\/p>  <p><a href=\"https:\/\/cadenaser.com\/tag\/benidorm\/a\/\" target=\"_blank\" rel=\"nofollow\" title=\"https:\/\/cadenaser.com\/tag\/benidorm\/a\/\">La Cofrad\u00eda de Pescadores de Villajoyosa vuelve de la capital con una sensaci\u00f3n \u00abagridulce\u00bb porque si bien se han flexibilizado algunas normas no se han atendido todas sus reivindicaciones<\/a>. En cualquier caso, el mi\u00e9rcoles tienen previsto volver a salir a faenar con normalidad.<\/p>  <p>\u00abEsperamos que no se tuviera que llegar al tema de apuntar todas las especies pero se ve que no se ha podido conseguir, pero de todas maneras las sanciones por una equivocaci\u00f3n no se van a llevar a cabo\u00bb, ha explicado el patr\u00f3n mayor de la Cofrad\u00eda Miguel Felipe Solbes. <\/p>  <p>El mi\u00e9rcoles, han trasladado, volver\u00e1n a faenar con normalidad tras las protestas que este lunes han paralizado puertos y lonjas.<\/p> ","protected":false},"excerpt":{"rendered":"<p>Lunes de huelga en todos los puertos y lonjas del pa\u00eds<\/p>\n","protected":false},"author":0,"featured_media":21657,"comment_status":"","ping_status":"open","sticky":false,"template":"","format":"standard","meta":{"_acf_changed":false,"footnotes":""},"categories":[1],"tags":[],"class_list":["post-21656","post","type-post","status-publish","format-standard","has-post-thumbnail","hentry","category-sin-categoria"],"acf":{"ser_id":"66BX2YS3PRCVTKF43IL5CSVUSI","ser_url":"https:\/\/cadenaser.com\/comunitat-valenciana\/2026\/01\/19\/sensacion-agridulce-de-los-pescadores-de-villajoyosa-tras-la-reunion-del-sector-con-el-gobierno-radio-benidorm\/"},"_links":{"self":[{"href":"https:\/\/serbenidorm.daliisolutions.com\/index.php\/wp-json\/wp\/v2\/posts\/21656","targetHints":{"allow":["GET"]}}],"collection":[{"href":"https:\/\/serbenidorm.daliisolutions.com\/index.php\/wp-json\/wp\/v2\/posts"}],"about":[{"href":"https:\/\/serbenidorm.daliisolutions.com\/index.php\/wp-json\/wp\/v2\/types\/post"}],"replies":[{"embeddable":true,"href":"https:\/\/serbenidorm.daliisolutions.com\/index.php\/wp-json\/wp\/v2\/comments?post=21656"}],"version-history":[{"count":0,"href":"https:\/\/serbenidorm.daliisolutions.com\/index.php\/wp-json\/wp\/v2\/posts\/21656\/revisions"}],"wp:featuredmedia":[{"embeddable":true,"href":"https:\/\/serbenidorm.daliisolutions.com\/index.php\/wp-json\/wp\/v2\/media\/21657"}],"wp:attachment":[{"href":"https:\/\/serbenidorm.daliisolutions.com\/index.php\/wp-json\/wp\/v2\/media?parent=21656"}],"wp:term":[{"taxonomy":"category","embeddable":true,"href":"https:\/\/serbenidorm.daliisolutions.com\/index.php\/wp-json\/wp\/v2\/categories?post=21656"},{"taxonomy":"post_tag","embeddable":true,"href":"https:\/\/serbenidorm.daliisolutions.com\/index.php\/wp-json\/wp\/v2\/tags?post=21656"}],"curies":[{"name":"wp","href":"https:\/\/api.w.org\/{rel}","templated":true}]}}