{"id":21668,"date":"2026-01-20T12:11:18","date_gmt":"2026-01-20T11:11:18","guid":{"rendered":"https:\/\/serbenidorm.daliisolutions.com\/index.php\/2026\/01\/20\/benidorm-inicia-el-acondicionamiento-del-palau-desports-para-el-montaje-del-benidorm-fest\/"},"modified":"2026-01-20T12:11:18","modified_gmt":"2026-01-20T11:11:18","slug":"benidorm-inicia-el-acondicionamiento-del-palau-desports-para-el-montaje-del-benidorm-fest","status":"publish","type":"post","link":"https:\/\/serbenidorm.daliisolutions.com\/index.php\/2026\/01\/20\/benidorm-inicia-el-acondicionamiento-del-palau-desports-para-el-montaje-del-benidorm-fest\/","title":{"rendered":"Benidorm inicia el acondicionamiento del Palau d\u2019Esports para el montaje del Benidorm Fest"},"content":{"rendered":" <p>El Ayuntamiento de Benidorm ha iniciado los trabajos de acondicionamiento del Palau d\u2019Esports L\u2019Illa para preparar el montaje del recinto que acoger\u00e1 una nueva edici\u00f3n del Benidorm Fest, que arrancar\u00e1 el pr\u00f3ximo 10 de febrero con la primera semifinal. Las labores comenzaron con el desmontaje de las gradas y la retirada de elementos deportivos para dejar la instalaci\u00f3n lista para la fase de montaje.<\/p>  <p>Seg\u00fan ha explicado el concejal de Eventos, Jes\u00fas Carrobles, un equipo de unas 30 personas trabaja pr\u00e1cticamente las 24 horas del d\u00eda en esta fase inicial, prestando especial atenci\u00f3n a la protecci\u00f3n de las pistas polideportivas. Para ello, se han instalado varias capas de materiales, entre ellas una superficie protectora espec\u00edfica, m\u00e1s de 3.500 metros de contrachapado de madera y suelos t\u00e9cnicos de \u00faltima generaci\u00f3n.<\/p>  <p>Una vez completado el acondicionamiento del pabell\u00f3n, est\u00e1 prevista la llegada a la ciudad de los equipos t\u00e9cnicos y del personal de RTVE, que se encargar\u00e1n del montaje del escenario y del resto de infraestructuras necesarias. Desde el consistorio se\u00f1alan que estos trabajos suponen el inicio oficial de la quinta edici\u00f3n del Benidorm Fest, con el objetivo de que el evento vuelva a convertirse en un \u00e9xito de p\u00fablico y proyecci\u00f3n nacional.<\/p> ","protected":false},"excerpt":{"rendered":"<p>Las gradas ya han sido desmontadas y las pistas se protegen con suelos t\u00e9cnicos de \u00faltima generaci\u00f3n de cara a la quinta edici\u00f3n del festival<\/p>\n","protected":false},"author":0,"featured_media":21669,"comment_status":"","ping_status":"open","sticky":false,"template":"","format":"standard","meta":{"_acf_changed":false,"footnotes":""},"categories":[1],"tags":[],"class_list":["post-21668","post","type-post","status-publish","format-standard","has-post-thumbnail","hentry","category-sin-categoria"],"acf":{"ser_id":"Q4R3P6X4ZJCUJFTNVNWXQ6FUUQ","ser_url":"https:\/\/cadenaser.com\/comunitat-valenciana\/2026\/01\/20\/benidorm-inicia-el-acondicionamiento-del-palau-desports-para-el-montaje-del-benidorm-fest-radio-benidorm\/"},"_links":{"self":[{"href":"https:\/\/serbenidorm.daliisolutions.com\/index.php\/wp-json\/wp\/v2\/posts\/21668","targetHints":{"allow":["GET"]}}],"collection":[{"href":"https:\/\/serbenidorm.daliisolutions.com\/index.php\/wp-json\/wp\/v2\/posts"}],"about":[{"href":"https:\/\/serbenidorm.daliisolutions.com\/index.php\/wp-json\/wp\/v2\/types\/post"}],"replies":[{"embeddable":true,"href":"https:\/\/serbenidorm.daliisolutions.com\/index.php\/wp-json\/wp\/v2\/comments?post=21668"}],"version-history":[{"count":0,"href":"https:\/\/serbenidorm.daliisolutions.com\/index.php\/wp-json\/wp\/v2\/posts\/21668\/revisions"}],"wp:featuredmedia":[{"embeddable":true,"href":"https:\/\/serbenidorm.daliisolutions.com\/index.php\/wp-json\/wp\/v2\/media\/21669"}],"wp:attachment":[{"href":"https:\/\/serbenidorm.daliisolutions.com\/index.php\/wp-json\/wp\/v2\/media?parent=21668"}],"wp:term":[{"taxonomy":"category","embeddable":true,"href":"https:\/\/serbenidorm.daliisolutions.com\/index.php\/wp-json\/wp\/v2\/categories?post=21668"},{"taxonomy":"post_tag","embeddable":true,"href":"https:\/\/serbenidorm.daliisolutions.com\/index.php\/wp-json\/wp\/v2\/tags?post=21668"}],"curies":[{"name":"wp","href":"https:\/\/api.w.org\/{rel}","templated":true}]}}