{"id":21670,"date":"2026-01-20T12:11:18","date_gmt":"2026-01-20T11:11:18","guid":{"rendered":"https:\/\/serbenidorm.daliisolutions.com\/index.php\/2026\/01\/20\/la-etapa-reina-de-la-volta-a-la-comunitat-valenciana-partira-de-la-nucia\/"},"modified":"2026-01-20T12:11:18","modified_gmt":"2026-01-20T11:11:18","slug":"la-etapa-reina-de-la-volta-a-la-comunitat-valenciana-partira-de-la-nucia","status":"publish","type":"post","link":"https:\/\/serbenidorm.daliisolutions.com\/index.php\/2026\/01\/20\/la-etapa-reina-de-la-volta-a-la-comunitat-valenciana-partira-de-la-nucia\/","title":{"rendered":"La etapa reina de la Volta a la Comunitat Valenciana partir\u00e1 de La Nuc\u00eda"},"content":{"rendered":" <p>La Volta a la Comunitat Valenciana vivir\u00e1 el pr\u00f3ximo d\u00eda 7 de febrero la que, en principio, deber\u00e1 ser su etapa reina, una jornada que partir\u00e1 desde La Nuc\u00eda para terminar en Teulada tras coronar hasta cinco puertos del interior de la provincia de Alicante que, a falta de la jornada final (pensada para una \u2018volata\u2019 en el Cap i Casal), deber\u00e1 dejar definida la pelea por la general.<\/p>  <p>La etapa nuciera de esta edici\u00f3n de la Volta a la Comunitat Valenciana presenta un recorrido absolutamente terror\u00edfico para estas alturas de la temporada, sumando m\u00e1s de 3.300 metros de desnivel positivo y con el dur\u00edsimo alto del Miserat, de primera categor\u00eda, como punto caliente a s\u00f3lo cien kil\u00f3metros de meta.<\/p>  <p>Tras partir de La Nuc\u00eda, los ciclistas ascender\u00e1n el Alto de T\u00e1rbena (no puntuable) antes de coronar el m\u00edtico Coll de Rates (2\u00aa categor\u00eda) y, desde all\u00ed, buscar un largo descenso hasta Pego, donde se inicia la subida al \u2018muro\u2019 del alto del Miserat (1\u00aa categor\u00eda).<\/p>  <p>Posteriormente, y tras coronar un muy asequible Alto de Sorells (3\u00aa categor\u00eda) y la tachuela del Alto de La Fustera (3\u00aa categor\u00eda); el punto culminante del d\u00eda ser\u00e1 la ascensi\u00f3n al dur\u00edsimo Cumbres del Sol (1\u00aa categor\u00eda), cuya cima se sit\u00faa a s\u00f3lo doce kil\u00f3metros de meta.<\/p>  <p>La Volta a la Comunitat Valenciana llegar\u00e1 en 2026 a su 77\u00aa edici\u00f3n y lo hace como la primera prueba de las UCI ProSeries en suelo europeo. En su palmar\u00e9s reciente, destacan ganadores del calibre de Nairo Quintana (2017), Alejandro Valverde (2018) o Tadej Pogacar (2020).<\/p>  <p>De cara a la presente edici\u00f3n, y a la espera de que se terminen de perfilar las alineaciones de los equipos participantes, destacan las presencias de los belgas Remco Evenepoel o Cian Uijtdebroecks (flamante fichaje del Movistar Team), el portugu\u00e9s Joao Almeida, el brit\u00e1nico Tao Geoghegan Hart o los espa\u00f1oles Marc Soler y Mikel Landa.<\/p> ","protected":false},"excerpt":{"rendered":"<p>La jornada se disputar\u00e1 sobre 172 kil\u00f3metros y sumar\u00e1 hasta cinco puertos puntuables<\/p>\n","protected":false},"author":0,"featured_media":21671,"comment_status":"","ping_status":"open","sticky":false,"template":"","format":"standard","meta":{"_acf_changed":false,"footnotes":""},"categories":[16],"tags":[],"class_list":["post-21670","post","type-post","status-publish","format-standard","has-post-thumbnail","hentry","category-deportes"],"acf":{"ser_id":"XQZYPGLDBRGZPBWSH2ST2AF7RM","ser_url":"https:\/\/cadenaser.com\/comunitat-valenciana\/2026\/01\/20\/la-etapa-reina-de-la-volta-a-la-comunitat-valenciana-partira-de-la-nucia-radio-benidorm\/"},"_links":{"self":[{"href":"https:\/\/serbenidorm.daliisolutions.com\/index.php\/wp-json\/wp\/v2\/posts\/21670","targetHints":{"allow":["GET"]}}],"collection":[{"href":"https:\/\/serbenidorm.daliisolutions.com\/index.php\/wp-json\/wp\/v2\/posts"}],"about":[{"href":"https:\/\/serbenidorm.daliisolutions.com\/index.php\/wp-json\/wp\/v2\/types\/post"}],"replies":[{"embeddable":true,"href":"https:\/\/serbenidorm.daliisolutions.com\/index.php\/wp-json\/wp\/v2\/comments?post=21670"}],"version-history":[{"count":0,"href":"https:\/\/serbenidorm.daliisolutions.com\/index.php\/wp-json\/wp\/v2\/posts\/21670\/revisions"}],"wp:featuredmedia":[{"embeddable":true,"href":"https:\/\/serbenidorm.daliisolutions.com\/index.php\/wp-json\/wp\/v2\/media\/21671"}],"wp:attachment":[{"href":"https:\/\/serbenidorm.daliisolutions.com\/index.php\/wp-json\/wp\/v2\/media?parent=21670"}],"wp:term":[{"taxonomy":"category","embeddable":true,"href":"https:\/\/serbenidorm.daliisolutions.com\/index.php\/wp-json\/wp\/v2\/categories?post=21670"},{"taxonomy":"post_tag","embeddable":true,"href":"https:\/\/serbenidorm.daliisolutions.com\/index.php\/wp-json\/wp\/v2\/tags?post=21670"}],"curies":[{"name":"wp","href":"https:\/\/api.w.org\/{rel}","templated":true}]}}