{"id":21672,"date":"2026-01-20T14:17:12","date_gmt":"2026-01-20T13:17:12","guid":{"rendered":"https:\/\/serbenidorm.daliisolutions.com\/index.php\/2026\/01\/20\/adrian-martinez-estudiamos-revisar-el-plan-general-para-atraer-familias-jovenes-y-que-la-escuela-de-bolulla-no-cierre\/"},"modified":"2026-01-20T14:17:12","modified_gmt":"2026-01-20T13:17:12","slug":"adrian-martinez-estudiamos-revisar-el-plan-general-para-atraer-familias-jovenes-y-que-la-escuela-de-bolulla-no-cierre","status":"publish","type":"post","link":"https:\/\/serbenidorm.daliisolutions.com\/index.php\/2026\/01\/20\/adrian-martinez-estudiamos-revisar-el-plan-general-para-atraer-familias-jovenes-y-que-la-escuela-de-bolulla-no-cierre\/","title":{"rendered":"Adri\u00e1n Mart\u00ednez: \u201cEstudiamos revisar el Plan General para atraer familias j\u00f3venes y que la escuela de Bolulla no cierre\u201d"},"content":{"rendered":" <p>El alcalde de Bolulla, Adri\u00e1n Mart\u00ednez, ha avanzado en H<a href=\"https:\/\/radiobenidorm.es\" target=\"_blank\" rel=\"nofollow\" title=\"https:\/\/radiobenidorm.es\">oy por Hoy Benidorm <\/a>que el Ayuntamiento se plantea estudiar la revisi\u00f3n del Plan General de Ordenaci\u00f3n Urbana para buscar soluci\u00f3n al problema habitacional que vive el municipio. \u201cNo hay pr\u00e1cticamente viviendas a la venta en Bolulla y el actual Plan General nos limita much\u00edsimo en la construcci\u00f3n de vivienda nueva\u201d, se\u00f1ala. Todo ello con el objetivo de facilitar la construcci\u00f3n de vivienda nueva adaptada a la tipolog\u00eda tradicional del pueblo y atraer a familias j\u00f3venes con ni\u00f1os.<\/p>  <p>Mart\u00ednez ha se\u00f1alado en una entrevista en Radio Benidorm que la falta de vivienda es actualmente una de las mayores preocupaciones del Equipo de Gobierno, ya que limita la llegada de nuevos vecinos y pone en riesgo servicios b\u00e1sicos como la escuela. \u201cPara que el colegio no se cierre hacen falta familias, y para que vengan familias tenemos que dar facilidades en vivienda\u201d, ha afirmado.<\/p>  <p>El alcalde ha subrayado que la posible revisi\u00f3n del Plan General no contempla grandes urbanizaciones ni edificaciones que rompan la est\u00e9tica del municipio, sino un crecimiento \u201cmuy estudiado y acorde al pueblo\u201d, respetando la arquitectura existente y sin generar molestias ni p\u00e9rdida de vistas a los vecinos.<\/p>  <p>Con respecto a los principales proyectos que el municipio ya est\u00e1 acometiendo, el alcalde ha destacado la construcci\u00f3n de primera piscina municipal de Bolulla, una infraestructura hist\u00f3rica largamente demandada por los vecinos y que se encuentra ya en una fase muy avanzada de ejecuci\u00f3n. \u201cYa es una realidad, incluso hemos hecho pruebas y se ha colocado el gresite\u201d, ha asegurado Mart\u00ednez.<\/p>  <p>Las obras suponen una inversi\u00f3n que ronda el mill\u00f3n de euros, una cifra especialmente significativa para un municipio cuyo presupuesto anual ronda entre los 350.000 euros, lo que implica un esfuerzo econ\u00f3mico equivalente a cerca de tres veces las cuentas municipales de un a\u00f1o.<\/p>  <p>El proyecto se ha ejecutado en tres fases gracias a subvenciones, principalmente de la Diputaci\u00f3n de Alicante, y permitir\u00e1 a los vecinos disponer por primera vez de una piscina p\u00fablica sin necesidad de desplazarse a otros municipios, adem\u00e1s de abrir nuevas posibilidades de actividades deportivas, educativas y de ocio.<\/p>  <p>Seg\u00fan ha indicado el alcalde, la previsi\u00f3n es que la piscina pueda abrirse este verano si se cumplen los plazos, convirti\u00e9ndose en un nuevo punto de encuentro para vecinos de todas las edades y en un elemento m\u00e1s para reforzar la calidad de vida y el atractivo de Bolulla como municipio del interior.<\/p> ","protected":false},"excerpt":{"rendered":"<p>El alcalde anuncia que el Ayuntamiento quiere facilitar nueva vivienda adaptada al pueblo mientras avanza la construcci\u00f3n de la primera piscina municipal<\/p>\n","protected":false},"author":0,"featured_media":21673,"comment_status":"","ping_status":"open","sticky":false,"template":"","format":"standard","meta":{"_acf_changed":false,"footnotes":""},"categories":[1],"tags":[],"class_list":["post-21672","post","type-post","status-publish","format-standard","has-post-thumbnail","hentry","category-sin-categoria"],"acf":{"ser_id":"O7U6FMXVNNCXHCO6LE2RZOVRWQ","ser_url":"https:\/\/cadenaser.com\/comunitat-valenciana\/2026\/01\/20\/adrian-martinez-estudiamos-revisar-el-plan-general-para-atraer-familias-jovenes-y-que-la-escuela-de-bolulla-no-cierre-radio-benidorm\/"},"_links":{"self":[{"href":"https:\/\/serbenidorm.daliisolutions.com\/index.php\/wp-json\/wp\/v2\/posts\/21672","targetHints":{"allow":["GET"]}}],"collection":[{"href":"https:\/\/serbenidorm.daliisolutions.com\/index.php\/wp-json\/wp\/v2\/posts"}],"about":[{"href":"https:\/\/serbenidorm.daliisolutions.com\/index.php\/wp-json\/wp\/v2\/types\/post"}],"replies":[{"embeddable":true,"href":"https:\/\/serbenidorm.daliisolutions.com\/index.php\/wp-json\/wp\/v2\/comments?post=21672"}],"version-history":[{"count":0,"href":"https:\/\/serbenidorm.daliisolutions.com\/index.php\/wp-json\/wp\/v2\/posts\/21672\/revisions"}],"wp:featuredmedia":[{"embeddable":true,"href":"https:\/\/serbenidorm.daliisolutions.com\/index.php\/wp-json\/wp\/v2\/media\/21673"}],"wp:attachment":[{"href":"https:\/\/serbenidorm.daliisolutions.com\/index.php\/wp-json\/wp\/v2\/media?parent=21672"}],"wp:term":[{"taxonomy":"category","embeddable":true,"href":"https:\/\/serbenidorm.daliisolutions.com\/index.php\/wp-json\/wp\/v2\/categories?post=21672"},{"taxonomy":"post_tag","embeddable":true,"href":"https:\/\/serbenidorm.daliisolutions.com\/index.php\/wp-json\/wp\/v2\/tags?post=21672"}],"curies":[{"name":"wp","href":"https:\/\/api.w.org\/{rel}","templated":true}]}}