{"id":21702,"date":"2026-01-21T12:19:25","date_gmt":"2026-01-21T11:19:25","guid":{"rendered":"https:\/\/serbenidorm.daliisolutions.com\/index.php\/2026\/01\/21\/detenidos-dos-jovenes-en-benidorm-por-el-robo-con-violencia-de-una-cadena-de-oro\/"},"modified":"2026-01-21T12:19:25","modified_gmt":"2026-01-21T11:19:25","slug":"detenidos-dos-jovenes-en-benidorm-por-el-robo-con-violencia-de-una-cadena-de-oro","status":"publish","type":"post","link":"https:\/\/serbenidorm.daliisolutions.com\/index.php\/2026\/01\/21\/detenidos-dos-jovenes-en-benidorm-por-el-robo-con-violencia-de-una-cadena-de-oro\/","title":{"rendered":"Detenidos dos j\u00f3venes en Benidorm por el robo con violencia de una cadena de oro"},"content":{"rendered":" <p>Agentes de la Polic\u00eda Nacional han detenido en Benidorm a dos varones de 18 y 26 a\u00f1os como presuntos autores de un delito de robo con violencia, tras arrebatar mediante un fuerte tir\u00f3n una cadena de oro a una mujer que caminaba por la v\u00eda p\u00fablica. La v\u00edctima estuvo a punto de caer al suelo como consecuencia de la violencia empleada durante el asalto.<\/p>  <p>Los hechos fueron presenciados por un agente de la Polic\u00eda Nacional que se encontraba fuera de servicio, quien observ\u00f3 c\u00f3mo uno de los sospechosos se aproximaba por la espalda a dos mujeres y sustra\u00eda la joya para salir huyendo a la carrera. El polic\u00eda inici\u00f3 de inmediato la persecuci\u00f3n, identific\u00e1ndose verbalmente como agente, aunque el autor del robo hizo caso omiso y continu\u00f3 la huida mientras hablaba por tel\u00e9fono m\u00f3vil.<\/p>  <p>Tras una breve carrera, el agente logr\u00f3 darle alcance y volvi\u00f3 a identificarse mostrando su placa y carnet profesional, momento en el que el sospechoso arroj\u00f3 al suelo la cadena de oro. A continuaci\u00f3n, se dio aviso a la Sala CIMACC 091, desplaz\u00e1ndose una patrulla uniformada que procedi\u00f3 a su detenci\u00f3n y traslado a dependencias policiales.<\/p>  <p>Durante la actuaci\u00f3n, los agentes detectaron un veh\u00edculo que realizaba maniobras sospechosas por la zona, logrando identificar y detener a su conductor, que hab\u00eda participado en el robo realizando labores de vigilancia y espera para facilitar la huida. La investigaci\u00f3n confirm\u00f3 que ambos actuaron de forma coordinada, con un reparto claro de funciones, y tras la instrucci\u00f3n de diligencias fueron puestos a disposici\u00f3n de los juzgados de instrucci\u00f3n de guardia de Benidorm.<\/p> ","protected":false},"excerpt":{"rendered":"<p>La r\u00e1pida intervenci\u00f3n de un polic\u00eda nacional fuera de servicio permiti\u00f3 detener a los autores tras una breve persecuci\u00f3n por la v\u00eda p\u00fablica<\/p>\n","protected":false},"author":0,"featured_media":21703,"comment_status":"","ping_status":"open","sticky":false,"template":"","format":"standard","meta":{"_acf_changed":false,"footnotes":""},"categories":[1],"tags":[],"class_list":["post-21702","post","type-post","status-publish","format-standard","has-post-thumbnail","hentry","category-sin-categoria"],"acf":{"ser_id":"A6O75ZKTAJC5LAURYZMMUZCH6Q","ser_url":"https:\/\/cadenaser.com\/comunitat-valenciana\/2026\/01\/21\/detenidos-dos-jovenes-en-benidorm-por-el-robo-con-violencia-de-una-cadena-de-oro-radio-benidorm\/"},"_links":{"self":[{"href":"https:\/\/serbenidorm.daliisolutions.com\/index.php\/wp-json\/wp\/v2\/posts\/21702","targetHints":{"allow":["GET"]}}],"collection":[{"href":"https:\/\/serbenidorm.daliisolutions.com\/index.php\/wp-json\/wp\/v2\/posts"}],"about":[{"href":"https:\/\/serbenidorm.daliisolutions.com\/index.php\/wp-json\/wp\/v2\/types\/post"}],"replies":[{"embeddable":true,"href":"https:\/\/serbenidorm.daliisolutions.com\/index.php\/wp-json\/wp\/v2\/comments?post=21702"}],"version-history":[{"count":0,"href":"https:\/\/serbenidorm.daliisolutions.com\/index.php\/wp-json\/wp\/v2\/posts\/21702\/revisions"}],"wp:featuredmedia":[{"embeddable":true,"href":"https:\/\/serbenidorm.daliisolutions.com\/index.php\/wp-json\/wp\/v2\/media\/21703"}],"wp:attachment":[{"href":"https:\/\/serbenidorm.daliisolutions.com\/index.php\/wp-json\/wp\/v2\/media?parent=21702"}],"wp:term":[{"taxonomy":"category","embeddable":true,"href":"https:\/\/serbenidorm.daliisolutions.com\/index.php\/wp-json\/wp\/v2\/categories?post=21702"},{"taxonomy":"post_tag","embeddable":true,"href":"https:\/\/serbenidorm.daliisolutions.com\/index.php\/wp-json\/wp\/v2\/tags?post=21702"}],"curies":[{"name":"wp","href":"https:\/\/api.w.org\/{rel}","templated":true}]}}