{"id":21709,"date":"2026-01-21T13:16:04","date_gmt":"2026-01-21T12:16:04","guid":{"rendered":"https:\/\/serbenidorm.daliisolutions.com\/index.php\/2026\/01\/21\/benidorm-supero-la-barrera-de-los-tres-millones-de-turistas-en-2025\/"},"modified":"2026-01-21T13:16:04","modified_gmt":"2026-01-21T12:16:04","slug":"benidorm-supero-la-barrera-de-los-tres-millones-de-turistas-en-2025","status":"publish","type":"post","link":"https:\/\/serbenidorm.daliisolutions.com\/index.php\/2026\/01\/21\/benidorm-supero-la-barrera-de-los-tres-millones-de-turistas-en-2025\/","title":{"rendered":"Benidorm super\u00f3 la barrera de los tres millones de turistas en 2025"},"content":{"rendered":" <p>Benidorm ha arrancado su participaci\u00f3n en FITUR 2026 con un balance tur\u00edstico \u201chist\u00f3rico\u201d del a\u00f1o 2025, marcado por cifras r\u00e9cord tanto en n\u00famero de viajeros como en pernoctaciones. As\u00ed se ha puesto de manifiesto en las primeras jornadas de la feria, donde el destino ha querido mostrar no solo su capacidad de promoci\u00f3n, sino tambi\u00e9n el impacto real que la actividad tur\u00edstica tiene en la ciudad y en su econom\u00eda.<\/p>  <p>Toni P\u00e9rez explicaba que Benidorm cerr\u00f3 2025 con 3.058.632 viajeros \u00fanicos, es decir, personas que pernoctaron en alojamientos reglados del municipio, y un total de 16.211.131 pernoctaciones. Estas cifras suponen un incremento del 3,4% respecto a 2024 en pernoctaciones y del 7,7% en n\u00famero de viajeros, confirmando un ejercicio excepcional para el sector tur\u00edstico local.<\/p>  <p>El balance destaca tambi\u00e9n el peso del turismo internacional, que representa el 67,7% de las pernoctaciones, frente al 32,3% del mercado nacional. Reino Unido, Espa\u00f1a y Portugal contin\u00faan siendo los principales mercados emisores, con un crecimiento especialmente notable del viajero internacional, que aumenta un 13,6% respecto al a\u00f1o anterior.<\/p>  <p>Desde el punto de vista social y econ\u00f3mico, los datos reflejan una tasa de paro por debajo del 10%, situada en el 9,4%, lo que supone un descenso de 1,3 puntos porcentuales, as\u00ed como un incremento del 1,5% en la satisfacci\u00f3n global de los visitantes. Unos indicadores que, seg\u00fan se ha se\u00f1alado, avalan la gesti\u00f3n de un destino con una actividad tur\u00edstica muy intensa durante todo el a\u00f1o.<\/p>  <p>El balance tambi\u00e9n subraya el buen comportamiento de todas las tipolog\u00edas de alojamiento, con m\u00e1s de 11,6 millones de pernoctaciones hoteleras, un fuerte crecimiento en apartamentos tur\u00edsticos y cifras destacadas en campings, consolidando un modelo diversificado y de calidad. En este contexto, Benidorm afronta FITUR con el objetivo de seguir avanzando en la gesti\u00f3n inteligente del turismo, la desestacionalizaci\u00f3n y la atracci\u00f3n de nuevos perfiles de visitantes a lo largo de todo el calendario anual.<\/p> ","protected":false},"excerpt":{"rendered":"<p>As\u00ed lo ha asegurado el alcalde, Toni P\u00e9rez en la presentaci\u00f3n en FITUR, consolidando su liderazgo tur\u00edstico<\/p>\n","protected":false},"author":0,"featured_media":21710,"comment_status":"","ping_status":"open","sticky":false,"template":"","format":"standard","meta":{"_acf_changed":false,"footnotes":""},"categories":[1],"tags":[],"class_list":["post-21709","post","type-post","status-publish","format-standard","has-post-thumbnail","hentry","category-sin-categoria"],"acf":{"ser_id":"BYFW6CDIPVH2NNWJLL7C4JJHL4","ser_url":"https:\/\/cadenaser.com\/comunitat-valenciana\/2026\/01\/21\/benidorm-supero-la-barrera-de-los-tres-millones-de-turistas-en-2025-radio-benidorm\/"},"_links":{"self":[{"href":"https:\/\/serbenidorm.daliisolutions.com\/index.php\/wp-json\/wp\/v2\/posts\/21709","targetHints":{"allow":["GET"]}}],"collection":[{"href":"https:\/\/serbenidorm.daliisolutions.com\/index.php\/wp-json\/wp\/v2\/posts"}],"about":[{"href":"https:\/\/serbenidorm.daliisolutions.com\/index.php\/wp-json\/wp\/v2\/types\/post"}],"replies":[{"embeddable":true,"href":"https:\/\/serbenidorm.daliisolutions.com\/index.php\/wp-json\/wp\/v2\/comments?post=21709"}],"version-history":[{"count":0,"href":"https:\/\/serbenidorm.daliisolutions.com\/index.php\/wp-json\/wp\/v2\/posts\/21709\/revisions"}],"wp:featuredmedia":[{"embeddable":true,"href":"https:\/\/serbenidorm.daliisolutions.com\/index.php\/wp-json\/wp\/v2\/media\/21710"}],"wp:attachment":[{"href":"https:\/\/serbenidorm.daliisolutions.com\/index.php\/wp-json\/wp\/v2\/media?parent=21709"}],"wp:term":[{"taxonomy":"category","embeddable":true,"href":"https:\/\/serbenidorm.daliisolutions.com\/index.php\/wp-json\/wp\/v2\/categories?post=21709"},{"taxonomy":"post_tag","embeddable":true,"href":"https:\/\/serbenidorm.daliisolutions.com\/index.php\/wp-json\/wp\/v2\/tags?post=21709"}],"curies":[{"name":"wp","href":"https:\/\/api.w.org\/{rel}","templated":true}]}}