{"id":21711,"date":"2026-01-21T13:16:05","date_gmt":"2026-01-21T12:16:05","guid":{"rendered":"https:\/\/serbenidorm.daliisolutions.com\/index.php\/2026\/01\/21\/la-vila-joiosa-se-proyecta-en-fitur-como-gran-sede-de-eventos-deportivos\/"},"modified":"2026-01-21T13:16:05","modified_gmt":"2026-01-21T12:16:05","slug":"la-vila-joiosa-se-proyecta-en-fitur-como-gran-sede-de-eventos-deportivos","status":"publish","type":"post","link":"https:\/\/serbenidorm.daliisolutions.com\/index.php\/2026\/01\/21\/la-vila-joiosa-se-proyecta-en-fitur-como-gran-sede-de-eventos-deportivos\/","title":{"rendered":"La Vila Joiosa se proyecta en Fitur como gran sede de eventos deportivos"},"content":{"rendered":" <p>La Vila Joiosa ha aprovechado su presencia en la Feria Internacional de Turismo (Fitur) para consolidar su posicionamiento como destino de referencia en la organizaci\u00f3n de grandes eventos deportivos, una estrategia que combina proyecci\u00f3n internacional, impacto tur\u00edstico y promoci\u00f3n del deporte al aire libre durante todo el a\u00f1o.<\/p>  <p>El principal foco deportivo de la agenda vilera en Fitur es la presentaci\u00f3n del Campeonato del Mundo de Kayak de Mar 2026, una de las citas m\u00e1s relevantes del calendario internacional de esta disciplina. El evento, que se celebrar\u00e1 en La Vila Joiosa los d\u00edas 9, 10 y 11 de octubre de 2026, reunir\u00e1 a deportistas de \u00e9lite procedentes de numerosos pa\u00edses, adem\u00e1s de t\u00e9cnicos, acompa\u00f1antes y aficionados, generando un importante retorno econ\u00f3mico y medi\u00e1tico para el municipio.<\/p>  <p>La presentaci\u00f3n oficial del Mundial tendr\u00e1 lugar este jueves en la plaza de Callao de Madrid, un enclave estrat\u00e9gico en pleno centro de la capital, donde se proyectar\u00e1 un v\u00eddeo promocional de la prueba. Al acto asistir\u00e1n el alcalde de La Vila Joiosa, Marcos Zaragoza, el concejal de Deportes, Peyo Lloret, la concejala de Turismo, Rosa Llorca, y el presidente del Club N\u00e1utico de La Vila Joiosa, Jaime Llinares, entidad clave en la organizaci\u00f3n del campeonato.<\/p>  <p>Desde el Ayuntamiento se destaca que el kayak de mar es una de las disciplinas deportivas con mayor arraigo en el municipio, gracias a sus condiciones naturales y a la trayectoria del Club N\u00e1utico. La celebraci\u00f3n de un Mundial supone, seg\u00fan el alcalde, \u201cllevar este deporte al m\u00e1ximo nivel competitivo, al tiempo que se posiciona a La Vila Joiosa en el mapa internacional del deporte n\u00e1utico\u201d.<\/p>  <p>Pero el Mundial de Kayak no ser\u00e1 el \u00fanico gran evento deportivo vinculado a La Vila Joiosa que se ha puesto sobre la mesa en Fitur. El municipio tambi\u00e9n ser\u00e1 protagonista del ciclismo profesional al acoger la salida de la novena etapa de la Vuelta Ciclista a Espa\u00f1a, prevista para el pr\u00f3ximo 30 de agosto. La presentaci\u00f3n oficial de esta etapa se realizar\u00e1 igualmente en el marco de la feria tur\u00edstica, de la mano de la Diputaci\u00f3n de Alicante.<\/p>  <p>La presencia de La Vila Joiosa en el recorrido de la Vuelta supone una exposici\u00f3n medi\u00e1tica de primer nivel, tanto a nivel nacional como internacional, con retransmisiones televisivas que muestran la imagen del municipio a millones de espectadores. Adem\u00e1s, refuerza la apuesta local por el ciclismo y el turismo activo, sectores en auge dentro de la estrategia tur\u00edstica de la localidad.<\/p>  <p>Desde la concejal\u00eda de Deportes se subraya que la captaci\u00f3n y organizaci\u00f3n de este tipo de eventos no es casual, sino el resultado de un trabajo planificado para atraer competiciones de alto nivel que generen beneficios m\u00e1s all\u00e1 del \u00e1mbito deportivo. \u201cHablamos de ocupaci\u00f3n hotelera, restauraci\u00f3n, comercio y promoci\u00f3n de marca ciudad\u201d, apuntan fuentes municipales.<\/p>  <p>La agenda deportiva presentada en Fitur se completa con la participaci\u00f3n de La Vila Joiosa en diversas acciones promocionales impulsadas por el Patronato de Turismo Costa Blanca, como iniciativas de street marketing en Madrid, donde el deporte tiene un papel destacado como elemento tractor del turismo.<\/p>  <p>Con el Mundial de Kayak de Mar 2026 y la salida de una etapa de la Vuelta Ciclista a Espa\u00f1a, La Vila Joiosa refuerza su perfil como escenario id\u00f3neo para grandes eventos deportivos, combinando mar, clima, infraestructuras y experiencia organizativa. Una apuesta clara por el deporte como herramienta de promoci\u00f3n tur\u00edstica, que sit\u00faa al municipio en una posici\u00f3n destacada dentro del calendario deportivo nacional e internacional.<\/p> ","protected":false},"excerpt":{"rendered":"<p>El Mundial de Kayak de Mar 2026 y la salida de La Vuelta refuerzan su apuesta por el turismo deportivo<\/p>\n","protected":false},"author":0,"featured_media":21712,"comment_status":"","ping_status":"open","sticky":false,"template":"","format":"standard","meta":{"_acf_changed":false,"footnotes":""},"categories":[16],"tags":[],"class_list":["post-21711","post","type-post","status-publish","format-standard","has-post-thumbnail","hentry","category-deportes"],"acf":{"ser_id":"EBZBEUYF2RGA5BQ22SXHZNWXYY","ser_url":"https:\/\/cadenaser.com\/comunitat-valenciana\/2026\/01\/21\/la-vila-joiosa-se-proyecta-en-fitur-como-gran-sede-de-eventos-deportivos-radio-benidorm\/"},"_links":{"self":[{"href":"https:\/\/serbenidorm.daliisolutions.com\/index.php\/wp-json\/wp\/v2\/posts\/21711","targetHints":{"allow":["GET"]}}],"collection":[{"href":"https:\/\/serbenidorm.daliisolutions.com\/index.php\/wp-json\/wp\/v2\/posts"}],"about":[{"href":"https:\/\/serbenidorm.daliisolutions.com\/index.php\/wp-json\/wp\/v2\/types\/post"}],"replies":[{"embeddable":true,"href":"https:\/\/serbenidorm.daliisolutions.com\/index.php\/wp-json\/wp\/v2\/comments?post=21711"}],"version-history":[{"count":0,"href":"https:\/\/serbenidorm.daliisolutions.com\/index.php\/wp-json\/wp\/v2\/posts\/21711\/revisions"}],"wp:featuredmedia":[{"embeddable":true,"href":"https:\/\/serbenidorm.daliisolutions.com\/index.php\/wp-json\/wp\/v2\/media\/21712"}],"wp:attachment":[{"href":"https:\/\/serbenidorm.daliisolutions.com\/index.php\/wp-json\/wp\/v2\/media?parent=21711"}],"wp:term":[{"taxonomy":"category","embeddable":true,"href":"https:\/\/serbenidorm.daliisolutions.com\/index.php\/wp-json\/wp\/v2\/categories?post=21711"},{"taxonomy":"post_tag","embeddable":true,"href":"https:\/\/serbenidorm.daliisolutions.com\/index.php\/wp-json\/wp\/v2\/tags?post=21711"}],"curies":[{"name":"wp","href":"https:\/\/api.w.org\/{rel}","templated":true}]}}