{"id":21716,"date":"2026-01-21T14:46:11","date_gmt":"2026-01-21T13:46:11","guid":{"rendered":"https:\/\/serbenidorm.daliisolutions.com\/index.php\/2026\/01\/21\/la-marina-baixa-en-la-feria-internacional-del-turismo\/"},"modified":"2026-01-21T14:46:11","modified_gmt":"2026-01-21T13:46:11","slug":"la-marina-baixa-en-la-feria-internacional-del-turismo","status":"publish","type":"post","link":"https:\/\/serbenidorm.daliisolutions.com\/index.php\/2026\/01\/21\/la-marina-baixa-en-la-feria-internacional-del-turismo\/","title":{"rendered":"La Marina Baixa en la Feria Internacional del Turismo"},"content":{"rendered":" <p>Del 21 al 25 de enero los destinos tur\u00edsticos de la Marina Baixa se desplazan a Madrid para participar en FITUR (Feria Internacional del Turismo), el certamen ferial tur\u00edstico m\u00e1s importante de Espa\u00f1a, para mostrar lo mejor de su oferta y posicionarse como destino vacacional preferente. <\/p>  <p>Radio Benidorm se desplaza a FITUR para contar todas las novedades y atractivos que all\u00ed presenten los distintos municipios de la comarca y entidades empresariales. <\/p>  <p>El alcalde de La Vila Joiosa, Marcos Zaragoza, ha destacado el importante valor patrimonial del municipio dentro de una oferta conjunta en la Marina Baixa y su apuesta por la gastronom\u00eda y el turismo deportivo.<\/p>  <p>La alcaldesa de Finestrat, Nati Algado, ha defendido en FITUR el lema del municipio \u00abEn Finestrat lo tienes todo\u00bb, haciendo hincapi\u00e9 la riqueza paisaj\u00edstica con la playa de La Cala o la parte interior y de turismo de monta\u00f1a con el Puig Campana. <\/p> ","protected":false},"excerpt":{"rendered":"<p>Los destinos tur\u00edsticos de la comarca presentan su mejor versi\u00f3n en FITUR para captar y fidelizar turistas<\/p>\n","protected":false},"author":0,"featured_media":21717,"comment_status":"","ping_status":"open","sticky":false,"template":"","format":"standard","meta":{"_acf_changed":false,"footnotes":""},"categories":[1],"tags":[],"class_list":["post-21716","post","type-post","status-publish","format-standard","has-post-thumbnail","hentry","category-sin-categoria"],"acf":{"ser_id":"Y4B7LMDCDFHSHJVGEMEVILKZEI","ser_url":"https:\/\/cadenaser.com\/comunitat-valenciana\/2026\/01\/21\/la-marina-baixa-en-la-feria-internacional-del-turismo-radio-benidorm\/"},"_links":{"self":[{"href":"https:\/\/serbenidorm.daliisolutions.com\/index.php\/wp-json\/wp\/v2\/posts\/21716","targetHints":{"allow":["GET"]}}],"collection":[{"href":"https:\/\/serbenidorm.daliisolutions.com\/index.php\/wp-json\/wp\/v2\/posts"}],"about":[{"href":"https:\/\/serbenidorm.daliisolutions.com\/index.php\/wp-json\/wp\/v2\/types\/post"}],"replies":[{"embeddable":true,"href":"https:\/\/serbenidorm.daliisolutions.com\/index.php\/wp-json\/wp\/v2\/comments?post=21716"}],"version-history":[{"count":0,"href":"https:\/\/serbenidorm.daliisolutions.com\/index.php\/wp-json\/wp\/v2\/posts\/21716\/revisions"}],"wp:featuredmedia":[{"embeddable":true,"href":"https:\/\/serbenidorm.daliisolutions.com\/index.php\/wp-json\/wp\/v2\/media\/21717"}],"wp:attachment":[{"href":"https:\/\/serbenidorm.daliisolutions.com\/index.php\/wp-json\/wp\/v2\/media?parent=21716"}],"wp:term":[{"taxonomy":"category","embeddable":true,"href":"https:\/\/serbenidorm.daliisolutions.com\/index.php\/wp-json\/wp\/v2\/categories?post=21716"},{"taxonomy":"post_tag","embeddable":true,"href":"https:\/\/serbenidorm.daliisolutions.com\/index.php\/wp-json\/wp\/v2\/tags?post=21716"}],"curies":[{"name":"wp","href":"https:\/\/api.w.org\/{rel}","templated":true}]}}