{"id":21726,"date":"2026-01-21T15:55:56","date_gmt":"2026-01-21T14:55:56","guid":{"rendered":"https:\/\/serbenidorm.daliisolutions.com\/index.php\/2026\/01\/21\/miguel-bou-compito-todo-el-ano-porque-competir-es-lo-que-me-mantiene-motivado\/"},"modified":"2026-01-21T15:55:56","modified_gmt":"2026-01-21T14:55:56","slug":"miguel-bou-compito-todo-el-ano-porque-competir-es-lo-que-me-mantiene-motivado","status":"publish","type":"post","link":"https:\/\/serbenidorm.daliisolutions.com\/index.php\/2026\/01\/21\/miguel-bou-compito-todo-el-ano-porque-competir-es-lo-que-me-mantiene-motivado\/","title":{"rendered":"Miguel Bou: \u201cCompito todo el a\u00f1o porque competir es lo que me mantiene motivado\u201d"},"content":{"rendered":" <p>Miguel Bou ha vuelto a demostrar que vive en un estado de forma permanente. El nadador de La Nuc\u00eda, referencia absoluta de la nataci\u00f3n en aguas abiertas y cada vez m\u00e1s competitivo tambi\u00e9n en piscina, se pasa por el programa tras firmar un nuevo campeonato auton\u00f3mico espectacular: cuatro oros y dos r\u00e9cords auton\u00f3micos que confirman que lo suyo no entiende de estaciones ni de pausas.<\/p>  <p>En esta charla en profundidad, Bou explica c\u00f3mo conviven en \u00e9l \u201cdos Migueles\u201d: el de piscina y el de aguas abiertas, dos formas muy distintas de nadar, entrenar y competir. Hablamos de t\u00e9cnica, de la diferencia entre el mar y el cloro, del volteo, de la orientaci\u00f3n en aguas abiertas y de c\u00f3mo cambia por completo la preparaci\u00f3n cuando se pasa del gran fondo al sprint.<\/p>  <p>El nadador nuciero tambi\u00e9n repasa su brillante paso por el Mundial de Dub\u00e1i, donde volvi\u00f3 a subirse al podio, y reflexiona sobre el respeto entre rivales, la presi\u00f3n en las grandes citas internacionales y los nervios antes de una salida en un campeonato del mundo. \u00bfCu\u00e1ndo se van? \u00bfC\u00f3mo se gestiona mentalmente un sprint final despu\u00e9s de varios kil\u00f3metros nadando al l\u00edmite?<\/p>  <p>Una conversaci\u00f3n sincera, cercana y muy reveladora sobre la psicolog\u00eda del deportista, la exigencia del alto nivel y la mentalidad competitiva de alguien que reconoce estar viviendo el mejor momento de su carrera. Adem\u00e1s, Miguel Bou avanza sus pr\u00f3ximos objetivos para una temporada que, como \u00e9l mismo dice, es una rueda que no se detiene.<\/p> ","protected":false},"excerpt":{"rendered":"<p>El nadador nuciero engrosa su impresionante palmar\u00e9s con cuatro nuevas medallas y dos r\u00e9cords en el Auton\u00f3mico<\/p>\n","protected":false},"author":0,"featured_media":21727,"comment_status":"","ping_status":"open","sticky":false,"template":"","format":"standard","meta":{"_acf_changed":false,"footnotes":""},"categories":[16],"tags":[],"class_list":["post-21726","post","type-post","status-publish","format-standard","has-post-thumbnail","hentry","category-deportes"],"acf":{"ser_id":"64WEMJCD3RFMNJCBIX2DOK2PG4","ser_url":"https:\/\/cadenaser.com\/comunitat-valenciana\/2026\/01\/21\/miguel-bou-compito-todo-el-ano-porque-competir-es-lo-que-me-mantiene-motivado-radio-benidorm\/"},"_links":{"self":[{"href":"https:\/\/serbenidorm.daliisolutions.com\/index.php\/wp-json\/wp\/v2\/posts\/21726","targetHints":{"allow":["GET"]}}],"collection":[{"href":"https:\/\/serbenidorm.daliisolutions.com\/index.php\/wp-json\/wp\/v2\/posts"}],"about":[{"href":"https:\/\/serbenidorm.daliisolutions.com\/index.php\/wp-json\/wp\/v2\/types\/post"}],"replies":[{"embeddable":true,"href":"https:\/\/serbenidorm.daliisolutions.com\/index.php\/wp-json\/wp\/v2\/comments?post=21726"}],"version-history":[{"count":0,"href":"https:\/\/serbenidorm.daliisolutions.com\/index.php\/wp-json\/wp\/v2\/posts\/21726\/revisions"}],"wp:featuredmedia":[{"embeddable":true,"href":"https:\/\/serbenidorm.daliisolutions.com\/index.php\/wp-json\/wp\/v2\/media\/21727"}],"wp:attachment":[{"href":"https:\/\/serbenidorm.daliisolutions.com\/index.php\/wp-json\/wp\/v2\/media?parent=21726"}],"wp:term":[{"taxonomy":"category","embeddable":true,"href":"https:\/\/serbenidorm.daliisolutions.com\/index.php\/wp-json\/wp\/v2\/categories?post=21726"},{"taxonomy":"post_tag","embeddable":true,"href":"https:\/\/serbenidorm.daliisolutions.com\/index.php\/wp-json\/wp\/v2\/tags?post=21726"}],"curies":[{"name":"wp","href":"https:\/\/api.w.org\/{rel}","templated":true}]}}