{"id":21738,"date":"2026-01-22T11:13:23","date_gmt":"2026-01-22T10:13:23","guid":{"rendered":"https:\/\/serbenidorm.daliisolutions.com\/index.php\/2026\/01\/22\/la-borrasca-harry-deja-su-huella-en-la-zona-litoral-de-altea\/"},"modified":"2026-01-22T11:13:23","modified_gmt":"2026-01-22T10:13:23","slug":"la-borrasca-harry-deja-su-huella-en-la-zona-litoral-de-altea","status":"publish","type":"post","link":"https:\/\/serbenidorm.daliisolutions.com\/index.php\/2026\/01\/22\/la-borrasca-harry-deja-su-huella-en-la-zona-litoral-de-altea\/","title":{"rendered":"La borrasca Harry deja su huella en la zona litoral de Altea"},"content":{"rendered":" <p>Altea ha sido una de las localidades costeras afectadas por el temporal mar\u00edtimo provocado por la borrasca Harry durante los \u00faltimos d\u00edas. Afortunadamente, no se han registrado da\u00f1os personales ni v\u00edctimas, aunque s\u00ed afecciones materiales, especialmente en el litoral, donde el fuerte oleaje ha dejado su huella en varios puntos del t\u00e9rmino municipal.<\/p>  <p>La zona de Cap Negret ha sido la m\u00e1s castigada por el temporal de mar, con da\u00f1os visibles en zonas frontales de edificios y afecciones habituales que se repiten cada vez que se producen episodios de estas caracter\u00edsticas. As\u00ed lo ha explicado el alcalde de Altea, Diego Zaragoz\u00ed, quien ha detallado que, aunque el viento tambi\u00e9n caus\u00f3 algunos incidentes, \u201cel temporal mar\u00edtimo ha sido el que ha generado mayores da\u00f1os\u201d.<\/p>  <p>Seg\u00fan ha indicado el primer edil, durante la madrugada del lunes al martes se registraron rachas de viento de hasta 90 kil\u00f3metros por hora en la zona de la Sierra y superiores a los 100 kil\u00f3metros por hora en Altea la Vella, lo que provoc\u00f3 la ca\u00edda de alg\u00fan \u00e1rbol y desperfectos menores, que pudieron resolverse con rapidez. \u201cFueron incidencias puntuales que se solucionaron, pero el mar ha tenido un impacto mayor\u201d, ha se\u00f1alado Zaragoz\u00ed.<\/p>  <p>En cuanto a las zonas afectadas por el oleaje, el alcalde ha explicado que, adem\u00e1s de Cap Negret, tambi\u00e9n se han producido afecciones en la carretera del Albir y en las playas urbanas, puntos especialmente sensibles ante temporales mar\u00edtimos intensos. \u201cSon los lugares que, como es habitual, se ven m\u00e1s perjudicados cuando se dan estas situaciones\u201d, ha apuntado.<\/p>  <p>Zaragoz\u00ed ha recordado adem\u00e1s que la problem\u00e1tica de Cap Negret ya estaba sobre la mesa antes del temporal. \u201cLa semana pasada el Ayuntamiento mantuvo una reuni\u00f3n con Costas para tratar el deterioro de la playa en ese punto\u201d, ha explicado. En este sentido, ha avanzado que el pr\u00f3ximo martes, 27 de febrero est\u00e1 prevista una reuni\u00f3n entre Costas, el Ayuntamiento y los vecinos de los edificios afectados, con el objetivo de asegurar la zona, reforzar la seguridad de las viviendas y dar continuidad al paseo mar\u00edtimo existente.<\/p>  <p>Como medida preventiva, y ante la peligrosidad que supon\u00eda el fuerte oleaje, el Ayuntamiento decidi\u00f3 cerrar al uso peatonal y al tr\u00e1fico varias zonas del municipio. En concreto, permanecieron cortados los miradores del Paseo, la carretera del Albir y el Paseo de Cap Negret, una decisi\u00f3n adoptada \u201cpor una cuesti\u00f3n estrictamente de seguridad\u201d, tal y como ha subrayado el alcalde.<\/p>  <p>\u201cEl hecho de que no haya habido ninguna incidencia personal es lo m\u00e1s importante\u201d, ha insistido Zaragoz\u00ed, quien ha querido poner en valor la r\u00e1pida respuesta de los servicios municipales. En este sentido, ha agradecido p\u00fablicamente el trabajo realizado por la Polic\u00eda Local de Altea y por los operarios de la Empresa P\u00fablica, destacando \u201csu agilidad y esfuerzo para solucionar los problemas y lograr que el d\u00eda a d\u00eda de la ciudadan\u00eda se haya visto afectado lo menos posible\u201d.<\/p>  <p>Aunque los peores efectos del temporal parecen haber remitido, desde el Ayuntamiento se mantiene la vigilancia ante la previsi\u00f3n de viento en las pr\u00f3ximas horas. Por ello, se recomienda a la poblaci\u00f3n extremar la precauci\u00f3n, especialmente en las zonas cercanas al litoral y en espacios expuestos al viento y al oleaje.<\/p>  <p>El consistorio continuar\u00e1 evaluando los da\u00f1os ocasionados por la borrasca Harry y coordin\u00e1ndose con otras administraciones para adoptar las medidas necesarias que permitan reforzar la seguridad del litoral y minimizar el impacto de futuros temporales en el municipio.<\/p> ","protected":false},"excerpt":{"rendered":"<p>El fuerte oleaje causa afecciones materiales en Cap Negret y el litoral sin da\u00f1os personales<\/p>\n","protected":false},"author":0,"featured_media":21739,"comment_status":"","ping_status":"open","sticky":false,"template":"","format":"standard","meta":{"_acf_changed":false,"footnotes":""},"categories":[1],"tags":[],"class_list":["post-21738","post","type-post","status-publish","format-standard","has-post-thumbnail","hentry","category-sin-categoria"],"acf":{"ser_id":"FRG77W3GRBADDIRKAJU5GBOTVE","ser_url":"https:\/\/cadenaser.com\/comunitat-valenciana\/2026\/01\/22\/la-borrasca-harry-deja-su-huella-en-la-zona-litoral-de-altea-radio-benidorm\/"},"_links":{"self":[{"href":"https:\/\/serbenidorm.daliisolutions.com\/index.php\/wp-json\/wp\/v2\/posts\/21738","targetHints":{"allow":["GET"]}}],"collection":[{"href":"https:\/\/serbenidorm.daliisolutions.com\/index.php\/wp-json\/wp\/v2\/posts"}],"about":[{"href":"https:\/\/serbenidorm.daliisolutions.com\/index.php\/wp-json\/wp\/v2\/types\/post"}],"replies":[{"embeddable":true,"href":"https:\/\/serbenidorm.daliisolutions.com\/index.php\/wp-json\/wp\/v2\/comments?post=21738"}],"version-history":[{"count":0,"href":"https:\/\/serbenidorm.daliisolutions.com\/index.php\/wp-json\/wp\/v2\/posts\/21738\/revisions"}],"wp:featuredmedia":[{"embeddable":true,"href":"https:\/\/serbenidorm.daliisolutions.com\/index.php\/wp-json\/wp\/v2\/media\/21739"}],"wp:attachment":[{"href":"https:\/\/serbenidorm.daliisolutions.com\/index.php\/wp-json\/wp\/v2\/media?parent=21738"}],"wp:term":[{"taxonomy":"category","embeddable":true,"href":"https:\/\/serbenidorm.daliisolutions.com\/index.php\/wp-json\/wp\/v2\/categories?post=21738"},{"taxonomy":"post_tag","embeddable":true,"href":"https:\/\/serbenidorm.daliisolutions.com\/index.php\/wp-json\/wp\/v2\/tags?post=21738"}],"curies":[{"name":"wp","href":"https:\/\/api.w.org\/{rel}","templated":true}]}}