{"id":21767,"date":"2026-01-23T11:55:39","date_gmt":"2026-01-23T10:55:39","guid":{"rendered":"https:\/\/serbenidorm.daliisolutions.com\/index.php\/2026\/01\/23\/el-balonmano-servigroup-benidorm-vuelve-a-la-liga-en-oviedo\/"},"modified":"2026-01-23T11:55:39","modified_gmt":"2026-01-23T10:55:39","slug":"el-balonmano-servigroup-benidorm-vuelve-a-la-liga-en-oviedo","status":"publish","type":"post","link":"https:\/\/serbenidorm.daliisolutions.com\/index.php\/2026\/01\/23\/el-balonmano-servigroup-benidorm-vuelve-a-la-liga-en-oviedo\/","title":{"rendered":"El Balonmano Servigroup Benidorm vuelve a la liga en Oviedo"},"content":{"rendered":" <p>Han pasado 35 d\u00edas desde que el Balonmano Servigroup Benidorm cerrara con empate (26-26) su andadura en la primera vuelta de la Divisi\u00f3n de Honor Plata e iniciara un largo par\u00f3n navide\u00f1o que se ha alargado una semana m\u00e1s que el del resto de sus rivales despu\u00e9s de haber aplazado su choque ante el Burgos de la pasada semana.<\/p>  <p>Este s\u00e1bado (18:30 horas), los benidormenses viajan a Oviedo para v\u00e9rselas con un conjunto asturiano que viene de empatar ante el Blendio Sinf\u00edn c\u00e1ntabro y que necesita urgentemente sumar puntos para alejarse de la zona problem\u00e1tica de la clasificaci\u00f3n.<\/p>  <p>Por su parte, el Balonmano Servigroup Benidorm arranca esta segunda vuelta de la competici\u00f3n dom\u00e9stica con las inc\u00f3gnitas propias de un equipo que, desde aquel \u00faltimo partido de 2025, ha vivido cambios de calado. <\/p>  <p>El m\u00e1s importante, evidentemente, lo encontramos en el banquillo, donde un hombre de la casa, Alejandro \u2018Cuti\u2019 Cutanda, asume el rol de primer entrenador tras la sorpresiva marcha de Marko Krivokapic. Adem\u00e1s, y sobre el 40&#215;20, el Balonmano Servigroup Benidorm tambi\u00e9n ha perdido a uno de sus referentes de las \u00faltimas campa\u00f1as como es Lucas Moscariello, el central argentino en cuya sustituci\u00f3n ha llegado un jovenc\u00edsimo Ferr\u00e1n Prieto.<\/p>  <p>A falta de comprobar c\u00f3mo ha sentado este proceso de descanso y recuperaci\u00f3n a una plantilla que acab\u00f3 el a\u00f1o con el l\u00f3gico cansancio y molestias de toda una primera vuelta, el Balonmano Servigroup Benidorm tratar\u00e1 de alargar una buena racha que ha llevado a los del Palau a encadenar cuatro partidos consecutivos sin conocer la derrota.<\/p>  <p>En ese sentido, \u2018Cuti\u2019 advierte de que su rival en esta 17\u00aa jornada, el Oviedo, \u201cviene en una din\u00e1mica positiva tras empatar en Santander en un partido que se le complic\u00f3 mucho desde el inicio y de ganarle al Bar\u00e7a\u201d.<\/p>  <p>En opini\u00f3n del preparador benidormense, \u201cla clave va a estar en hacer un buen trabajo defensivo porque es un equipo que te complica mucho las cosas en esa parcela, algo que te impide generar m\u00e1s presi\u00f3n y cortar la circulaci\u00f3n del bal\u00f3n\u201d.<\/p>  <p>\u201cA nivel ofensivo tenemos recursos para poder afrontar el partido, pero venimos del par\u00f3n navide\u00f1o y el resto de equipos ya han tenido una jornada y eso puede ser un punto negativo porque tenemos un poco menos de ritmo competitivo y eso puede generar alguna imprecisi\u00f3n\u201d concluye el entrenador del Balonmano Servigroup Benidorm.<\/p> ","protected":false},"excerpt":{"rendered":"<p>Un equipo muy renovado retoma la competici\u00f3n 35 d\u00edas despu\u00e9s de su \u00faltimo choque <\/p>\n","protected":false},"author":0,"featured_media":21768,"comment_status":"","ping_status":"open","sticky":false,"template":"","format":"standard","meta":{"_acf_changed":false,"footnotes":""},"categories":[16],"tags":[],"class_list":["post-21767","post","type-post","status-publish","format-standard","has-post-thumbnail","hentry","category-deportes"],"acf":{"ser_id":"A6YHCE4T7ZE3VIEF3FWWZ4JQCI","ser_url":"https:\/\/cadenaser.com\/comunitat-valenciana\/2026\/01\/23\/el-balonmano-servigroup-benidorm-vuelve-a-la-liga-en-oviedo-radio-benidorm\/"},"_links":{"self":[{"href":"https:\/\/serbenidorm.daliisolutions.com\/index.php\/wp-json\/wp\/v2\/posts\/21767","targetHints":{"allow":["GET"]}}],"collection":[{"href":"https:\/\/serbenidorm.daliisolutions.com\/index.php\/wp-json\/wp\/v2\/posts"}],"about":[{"href":"https:\/\/serbenidorm.daliisolutions.com\/index.php\/wp-json\/wp\/v2\/types\/post"}],"replies":[{"embeddable":true,"href":"https:\/\/serbenidorm.daliisolutions.com\/index.php\/wp-json\/wp\/v2\/comments?post=21767"}],"version-history":[{"count":0,"href":"https:\/\/serbenidorm.daliisolutions.com\/index.php\/wp-json\/wp\/v2\/posts\/21767\/revisions"}],"wp:featuredmedia":[{"embeddable":true,"href":"https:\/\/serbenidorm.daliisolutions.com\/index.php\/wp-json\/wp\/v2\/media\/21768"}],"wp:attachment":[{"href":"https:\/\/serbenidorm.daliisolutions.com\/index.php\/wp-json\/wp\/v2\/media?parent=21767"}],"wp:term":[{"taxonomy":"category","embeddable":true,"href":"https:\/\/serbenidorm.daliisolutions.com\/index.php\/wp-json\/wp\/v2\/categories?post=21767"},{"taxonomy":"post_tag","embeddable":true,"href":"https:\/\/serbenidorm.daliisolutions.com\/index.php\/wp-json\/wp\/v2\/tags?post=21767"}],"curies":[{"name":"wp","href":"https:\/\/api.w.org\/{rel}","templated":true}]}}