{"id":21770,"date":"2026-01-23T11:57:11","date_gmt":"2026-01-23T10:57:11","guid":{"rendered":"https:\/\/serbenidorm.daliisolutions.com\/index.php\/2026\/01\/23\/el-derbi-comarcal-entre-benidorm-y-finestrat-marca-la-jornada-del-voley\/"},"modified":"2026-01-23T11:57:11","modified_gmt":"2026-01-23T10:57:11","slug":"el-derbi-comarcal-entre-benidorm-y-finestrat-marca-la-jornada-del-voley","status":"publish","type":"post","link":"https:\/\/serbenidorm.daliisolutions.com\/index.php\/2026\/01\/23\/el-derbi-comarcal-entre-benidorm-y-finestrat-marca-la-jornada-del-voley\/","title":{"rendered":"El derbi comarcal entre Benidorm y Finestrat marca la jornada del v\u00f3ley"},"content":{"rendered":" <p>La jornada de voleibol del fin de semana llega cargada de alicientes para el Servigroup Benidorm, con protagonismo especial para el derbi comarcal que disputar\u00e1 el equipo femenino y una exigente prueba de nivel para el conjunto masculino en la Superliga.<\/p>  <p>El Servigroup Playas de Benidorm recibir\u00e1 este s\u00e1bado, a partir de las 17:00 horas, al Camporrosso Finestrat Medsur en el Pabell\u00f3n Ra\u00fal Mesa, en un atractivo duelo correspondiente a la jornada 14 del Grupo C de la Superliga 2 Femenina. Un choque marcado por la rivalidad comarcal y que se prev\u00e9 con una notable presencia de p\u00fablico en las gradas.<\/p>  <p>El equipo que dirige Sonia Garc\u00eda afronta la cita en uno de sus mejores momentos de la temporada, tras encadenar dos victorias consecutivas en el arranque de la segunda vuelta. Una din\u00e1mica positiva que ha permitido al conjunto benidormense escalar posiciones hasta la sexta plaza, con 21 puntos, situ\u00e1ndose a solo dos de los puestos que dan acceso a la pelea directa por la zona alta de la clasificaci\u00f3n.<\/p>  <p>Enfrente estar\u00e1 un Camporrosso Finestrat Medsur que llega a Benidorm como octavo clasificado, con 16 puntos, y con la necesidad de sumar para no descolgarse de la zona media. Un contexto que, seg\u00fan la entrenadora del Servigroup Playas de Benidorm, convierte el partido en un duelo de m\u00e1xima exigencia. \u201cLos partidos contra Finestrat siempre son muy disputados. Es un rival que compite bien, no regala nada y nos va a exigir estar muy concentradas durante todo el encuentro\u201d, ha se\u00f1alado Sonia Garc\u00eda.<\/p>  <p>M\u00e1s all\u00e1 de la clasificaci\u00f3n, el conjunto benidormense mantiene como objetivo seguir creciendo en su juego, consolidar automatismos y reforzar su identidad en esta fase de la temporada. \u201cEstamos en un proceso de crecimiento. El equipo est\u00e1 trabajando bien, asimilando conceptos y mejorando aspectos del juego que nos estaban penalizando. Queremos seguir dando pasos adelante cada semana\u201d, ha explicado la t\u00e9cnica, que tambi\u00e9n ha destacado la importancia del factor cancha y el apoyo de la afici\u00f3n en el Ra\u00fal Mesa.<\/p>  <p>Por su parte, el Servigroup Benidorm masculino afronta tambi\u00e9n este s\u00e1bado una cita de m\u00e1xima dificultad en la Superliga. El equipo dirigido por Mat\u00edas Guidolin visitar\u00e1 la pista del Club Voleibol Melilla, tercer clasificado, a partir de las 19:30 horas, en el Pabell\u00f3n Javier Imbroda, en un encuentro correspondiente a la decimocuarta jornada del campeonato.<\/p>  <p>El conjunto benidormense llega a esta salida tras sumar un valioso punto en la cancha de Cisneros La Laguna, con la sensaci\u00f3n de que el equipo contin\u00faa creciendo en juego, confianza y competitividad. En una Superliga muy igualada, cada punto resulta clave para un Servigroup Benidorm inmerso de lleno en la lucha por alejarse de los puestos de descenso.<\/p>  <p>Guidolin ha subrayado la dificultad del compromiso, pero tambi\u00e9n el buen momento de trabajo del grupo. \u201cSabemos que enfrentamos a un rival muy fuerte en su cancha, pero el equipo est\u00e1 trabajando muy bien, con mucha predisposici\u00f3n y compromiso. Hemos ajustado conceptos que queremos llevar a la pista y estoy muy contento con la actitud del grupo\u201d, ha explicado el t\u00e9cnico argentino.<\/p>  <p>Con toda la plantilla disponible y sin bajas por lesi\u00f3n, el Servigroup Benidorm buscar\u00e1 competir al m\u00e1ximo nivel, minimizar errores y mantener la intensidad durante todo el encuentro ante un rival s\u00f3lido y regular, especialmente como local. Una jornada, en definitiva, clave para ambos equipos, con el derbi comarcal como gran foco de atenci\u00f3n en Benidorm y un nuevo reto de entidad para el conjunto masculino lejos de casa.<\/p> ","protected":false},"excerpt":{"rendered":"<p>El Servigroup Benidorm masculino afronta una exigente salida a la pista del CV Melilla<\/p>\n","protected":false},"author":0,"featured_media":21771,"comment_status":"","ping_status":"open","sticky":false,"template":"","format":"standard","meta":{"_acf_changed":false,"footnotes":""},"categories":[16],"tags":[],"class_list":["post-21770","post","type-post","status-publish","format-standard","has-post-thumbnail","hentry","category-deportes"],"acf":{"ser_id":"NXYNZEBPQNFMLCUMSJB57L4XMI","ser_url":"https:\/\/cadenaser.com\/comunitat-valenciana\/2026\/01\/23\/el-derbi-comarcal-entre-benidorm-y-finestrat-marca-la-jornada-del-voley-radio-benidorm\/"},"_links":{"self":[{"href":"https:\/\/serbenidorm.daliisolutions.com\/index.php\/wp-json\/wp\/v2\/posts\/21770","targetHints":{"allow":["GET"]}}],"collection":[{"href":"https:\/\/serbenidorm.daliisolutions.com\/index.php\/wp-json\/wp\/v2\/posts"}],"about":[{"href":"https:\/\/serbenidorm.daliisolutions.com\/index.php\/wp-json\/wp\/v2\/types\/post"}],"replies":[{"embeddable":true,"href":"https:\/\/serbenidorm.daliisolutions.com\/index.php\/wp-json\/wp\/v2\/comments?post=21770"}],"version-history":[{"count":0,"href":"https:\/\/serbenidorm.daliisolutions.com\/index.php\/wp-json\/wp\/v2\/posts\/21770\/revisions"}],"wp:featuredmedia":[{"embeddable":true,"href":"https:\/\/serbenidorm.daliisolutions.com\/index.php\/wp-json\/wp\/v2\/media\/21771"}],"wp:attachment":[{"href":"https:\/\/serbenidorm.daliisolutions.com\/index.php\/wp-json\/wp\/v2\/media?parent=21770"}],"wp:term":[{"taxonomy":"category","embeddable":true,"href":"https:\/\/serbenidorm.daliisolutions.com\/index.php\/wp-json\/wp\/v2\/categories?post=21770"},{"taxonomy":"post_tag","embeddable":true,"href":"https:\/\/serbenidorm.daliisolutions.com\/index.php\/wp-json\/wp\/v2\/tags?post=21770"}],"curies":[{"name":"wp","href":"https:\/\/api.w.org\/{rel}","templated":true}]}}