{"id":21772,"date":"2026-01-23T12:46:48","date_gmt":"2026-01-23T11:46:48","guid":{"rendered":"https:\/\/serbenidorm.daliisolutions.com\/index.php\/2026\/01\/23\/morad-y-jc-reyes-se-citan-con-benidorm-este-verano\/"},"modified":"2026-01-23T12:46:48","modified_gmt":"2026-01-23T11:46:48","slug":"morad-y-jc-reyes-se-citan-con-benidorm-este-verano","status":"publish","type":"post","link":"https:\/\/serbenidorm.daliisolutions.com\/index.php\/2026\/01\/23\/morad-y-jc-reyes-se-citan-con-benidorm-este-verano\/","title":{"rendered":"Morad y JC Reyes se citan con Benidorm este verano"},"content":{"rendered":" <p>Este viernes se ha presentado en el marco de la Feria Internacional de Turismo de Madrid, FITUR, la primera edici\u00f3n de una nueva cita dispuesta a sacudir los cimientos de la escena musical estival en Benidorm: Summer Urban Festival. <\/p>  <p>El viernes 14 de agosto en la Ciudad Deportiva Guillermo Amor Summer Urban Festival pretende llevar la mejor m\u00fasica urbana y ya tiene los cuatro primeros artistas confirmados: <a href=\"https:\/\/cadenaser.com\/tag\/benidorm\/a\/\" target=\"_blank\" rel=\"nofollow\" title=\"https:\/\/cadenaser.com\/tag\/benidorm\/a\/\">Morad, Rvfv, JC Reyes y Young Cister<\/a>.<\/p>  <p>Se trata de un cartel inicial que casa a la perfecci\u00f3n con la idea de Summer Urban Festival de \u00abdar su lugar a estrellas de los g\u00e9neros urbanos como Morad, el \u00eddolo de L&#8217;Hospitalet del Llobregat, y un &#8216;tibur\u00f3n&#8217; como el almeriense Rvfv, pero dar tambi\u00e9n la oportunidad a representantes de la nueva escena como el sevillano JC Reyes y a talentos internacionales del calibre del chileno Young Cister\u00bb.<\/p>  <p>Este festival se une al Latin Fest, anunciado en noviembre para los pr\u00f3ximos 4 y 5 de julio. A lo largo de estos a\u00f1os, el Latin ha reunido en sus escenarios a algunos de los mayores artistas de la escena latina y urbana: Bad Bunny, Daddy Yankee, Eladio Carri\u00f3n, Arc\u00e1ngel, Feid, Myke Towers, Mora, Jhayco, Emilia Mernes o Be\u00e9le, entre muchos otros.<\/p> ","protected":false},"excerpt":{"rendered":"<p>El 14 de agosto se celebrar\u00e1 la primera edici\u00f3n del Summer Urban Festival, acogida por SkyFest en la Ciudad Deportiva Guillermo Amor<\/p>\n","protected":false},"author":0,"featured_media":21773,"comment_status":"","ping_status":"open","sticky":false,"template":"","format":"standard","meta":{"_acf_changed":false,"footnotes":""},"categories":[1],"tags":[],"class_list":["post-21772","post","type-post","status-publish","format-standard","has-post-thumbnail","hentry","category-sin-categoria"],"acf":{"ser_id":"2X5J4MZ7DBEHZCM5X3ZPA6BBHM","ser_url":"https:\/\/cadenaser.com\/comunitat-valenciana\/2026\/01\/23\/morad-y-jc-reyes-se-citan-con-benidorm-este-verano-radio-benidorm\/"},"_links":{"self":[{"href":"https:\/\/serbenidorm.daliisolutions.com\/index.php\/wp-json\/wp\/v2\/posts\/21772","targetHints":{"allow":["GET"]}}],"collection":[{"href":"https:\/\/serbenidorm.daliisolutions.com\/index.php\/wp-json\/wp\/v2\/posts"}],"about":[{"href":"https:\/\/serbenidorm.daliisolutions.com\/index.php\/wp-json\/wp\/v2\/types\/post"}],"replies":[{"embeddable":true,"href":"https:\/\/serbenidorm.daliisolutions.com\/index.php\/wp-json\/wp\/v2\/comments?post=21772"}],"version-history":[{"count":0,"href":"https:\/\/serbenidorm.daliisolutions.com\/index.php\/wp-json\/wp\/v2\/posts\/21772\/revisions"}],"wp:featuredmedia":[{"embeddable":true,"href":"https:\/\/serbenidorm.daliisolutions.com\/index.php\/wp-json\/wp\/v2\/media\/21773"}],"wp:attachment":[{"href":"https:\/\/serbenidorm.daliisolutions.com\/index.php\/wp-json\/wp\/v2\/media?parent=21772"}],"wp:term":[{"taxonomy":"category","embeddable":true,"href":"https:\/\/serbenidorm.daliisolutions.com\/index.php\/wp-json\/wp\/v2\/categories?post=21772"},{"taxonomy":"post_tag","embeddable":true,"href":"https:\/\/serbenidorm.daliisolutions.com\/index.php\/wp-json\/wp\/v2\/tags?post=21772"}],"curies":[{"name":"wp","href":"https:\/\/api.w.org\/{rel}","templated":true}]}}