{"id":21803,"date":"2026-01-24T14:15:59","date_gmt":"2026-01-24T13:15:59","guid":{"rendered":"https:\/\/serbenidorm.daliisolutions.com\/index.php\/2026\/01\/24\/dani-armas-recuerda-a-su-padre-humberto-el-hombre-que-hizo-del-mar-de-benidorm-un-lugar-para-sonar\/"},"modified":"2026-01-24T14:15:59","modified_gmt":"2026-01-24T13:15:59","slug":"dani-armas-recuerda-a-su-padre-humberto-el-hombre-que-hizo-del-mar-de-benidorm-un-lugar-para-sonar","status":"publish","type":"post","link":"https:\/\/serbenidorm.daliisolutions.com\/index.php\/2026\/01\/24\/dani-armas-recuerda-a-su-padre-humberto-el-hombre-que-hizo-del-mar-de-benidorm-un-lugar-para-sonar\/","title":{"rendered":"Dani Armas recuerda a su padre Humberto, el hombre que hizo del mar de Benidorm un lugar para so\u00f1ar"},"content":{"rendered":" <p>El pasado 19 de enero fallec\u00eda Humberto Armas, una de esas figuras imprescindibles para entender el Benidorm que hoy conocemos. Fundador del cable ski, inaugurado (al menos, esa es la fecha que se ha tomado como oficial) el 7 de julio de 1966, fue el creador del primer cable ski del mundo y del \u00fanico que, seis d\u00e9cadas despu\u00e9s, sigue instalado en el mar.<\/p>  <p>En A Vivir Benidorm hemos querido rendirle homenaje charlando con su hijo, Dani Armas, actual responsable de la instalaci\u00f3n y heredero de un legado que forma parte del paisaje emocional de la ciudad. Una conversaci\u00f3n pausada, cargada de recuerdos y de historia, que recorre no solo el origen de una idea revolucionaria, sino tambi\u00e9n la evoluci\u00f3n de Benidorm y de varias generaciones que crecieron mirando \u2014y esquiando\u2014 frente a la playa de Levante.<\/p>  <p>El cable ski ocupa hoy el lugar donde anta\u00f1o estuvo la almadraba del Rinc\u00f3n de Loix. Una transici\u00f3n simb\u00f3lica entre la tradici\u00f3n y la modernidad que solo fue posible gracias a la visi\u00f3n compartida de Humberto Armas y del entonces alcalde Pedro Zaragoza. \u201cZaragoza y mi padre fueron unos visionarios\u201d, recuerda Dani, al rememorar c\u00f3mo Benidorm se convirti\u00f3 en el emplazamiento perfecto para una instalaci\u00f3n que no ten\u00eda precedentes en el mundo.<\/p>  <p>La idea naci\u00f3 lejos de aqu\u00ed, en Alemania, cuando Humberto Armas descubri\u00f3 un prototipo experimental ideado por Bruno Rixen. Lo que nadie hab\u00eda imaginado a\u00fan era que aquel invento acabar\u00eda funcionando en pleno mar Mediterr\u00e1neo y que marcar\u00eda el inicio del turismo activo en Benidorm mucho antes de que el t\u00e9rmino se pusiera de moda. \u201cProbablemente mi padre invent\u00f3 el turismo activo en el mar para la ciudad\u201d, afirma Dani durante la entrevista.<\/p>  <p>En la conversaci\u00f3n aparecen tambi\u00e9n los recuerdos de infancia de miles de benidormenses: los cursos de verano, las primeras salidas con esqu\u00eds, las ca\u00eddas celebradas como triunfos y ese miedo casi m\u00edtico a la segunda curva, donde el fondo oscuro de la posidonia hac\u00eda volar la imaginaci\u00f3n. Todo ello forma parte de una memoria colectiva que sigue viva.<\/p>  <p>Mantener una instalaci\u00f3n permanente en el mar no ha sido f\u00e1cil. Los temporales, especialmente los de los a\u00f1os 80, 2001 o durante la pandemia, obligaron a reconstrucciones complejas y a una lucha constante contra la naturaleza. Aun as\u00ed, parte de la estructura original sigue funcionando, integr\u00e1ndose sin problemas con tecnolog\u00eda actual, un detalle que Dani define como \u201cadmirable\u201d.<\/p>  <p>La entrevista tambi\u00e9n mira al futuro. Dani Armas explica c\u00f3mo asumi\u00f3 el relevo generacional por convicci\u00f3n y pasi\u00f3n, y c\u00f3mo el cable ski contin\u00faa siendo una cantera de deportistas y un atractivo \u00fanico para residentes y turistas. En 2026, adem\u00e1s, se celebrar\u00e1 el 60\u00ba aniversario con un gran evento que reunir\u00e1 a esquiadores hist\u00f3ricos de todo el mundo.<\/p>  <p>Una charla para escuchar con calma, para entender por qu\u00e9 el cable ski es mucho m\u00e1s que una instalaci\u00f3n deportiva y por qu\u00e9 Humberto Armas dej\u00f3 una huella que va mucho m\u00e1s all\u00e1 del deporte. Porque hay historias que solo se comprenden del todo cuando se cuentan desde dentro\u2026 y esta es una de ellas.<\/p> ","protected":false},"excerpt":{"rendered":"<p>El hijo del fundador del cable ski del Rinc\u00f3n de Loix repasa la figura de un visionario fundamental para entender el Benidorm de hoy en d\u00eda<\/p>\n","protected":false},"author":0,"featured_media":21804,"comment_status":"","ping_status":"open","sticky":false,"template":"","format":"standard","meta":{"_acf_changed":false,"footnotes":""},"categories":[1],"tags":[],"class_list":["post-21803","post","type-post","status-publish","format-standard","has-post-thumbnail","hentry","category-sin-categoria"],"acf":{"ser_id":"INHRBCIBIJE5XL6VRUAEJHBL6Y","ser_url":"https:\/\/cadenaser.com\/comunitat-valenciana\/2026\/01\/24\/dani-armas-recuerda-a-su-padre-humberto-el-hombre-que-hizo-del-mar-de-benidorm-un-lugar-para-sonar-radio-benidorm\/"},"_links":{"self":[{"href":"https:\/\/serbenidorm.daliisolutions.com\/index.php\/wp-json\/wp\/v2\/posts\/21803","targetHints":{"allow":["GET"]}}],"collection":[{"href":"https:\/\/serbenidorm.daliisolutions.com\/index.php\/wp-json\/wp\/v2\/posts"}],"about":[{"href":"https:\/\/serbenidorm.daliisolutions.com\/index.php\/wp-json\/wp\/v2\/types\/post"}],"replies":[{"embeddable":true,"href":"https:\/\/serbenidorm.daliisolutions.com\/index.php\/wp-json\/wp\/v2\/comments?post=21803"}],"version-history":[{"count":0,"href":"https:\/\/serbenidorm.daliisolutions.com\/index.php\/wp-json\/wp\/v2\/posts\/21803\/revisions"}],"wp:featuredmedia":[{"embeddable":true,"href":"https:\/\/serbenidorm.daliisolutions.com\/index.php\/wp-json\/wp\/v2\/media\/21804"}],"wp:attachment":[{"href":"https:\/\/serbenidorm.daliisolutions.com\/index.php\/wp-json\/wp\/v2\/media?parent=21803"}],"wp:term":[{"taxonomy":"category","embeddable":true,"href":"https:\/\/serbenidorm.daliisolutions.com\/index.php\/wp-json\/wp\/v2\/categories?post=21803"},{"taxonomy":"post_tag","embeddable":true,"href":"https:\/\/serbenidorm.daliisolutions.com\/index.php\/wp-json\/wp\/v2\/tags?post=21803"}],"curies":[{"name":"wp","href":"https:\/\/api.w.org\/{rel}","templated":true}]}}