{"id":2181,"date":"2024-02-08T17:23:32","date_gmt":"2024-02-08T16:23:32","guid":{"rendered":"https:\/\/serbenidorm.daliisolutions.com\/index.php\/2024\/02\/08\/un-joven-de-solo-20-anos-pierde-la-vida-en-un-accidente-de-moto-en-benidorm\/"},"modified":"2024-02-08T17:23:32","modified_gmt":"2024-02-08T16:23:32","slug":"un-joven-de-solo-20-anos-pierde-la-vida-en-un-accidente-de-moto-en-benidorm","status":"publish","type":"post","link":"https:\/\/serbenidorm.daliisolutions.com\/index.php\/2024\/02\/08\/un-joven-de-solo-20-anos-pierde-la-vida-en-un-accidente-de-moto-en-benidorm\/","title":{"rendered":"Un joven de s\u00f3lo 20 a\u00f1os pierde la vida en un accidente de moto en Benidorm"},"content":{"rendered":"  <p>Benidorm<\/p>   <p>Benidorm ha vuelto a vestirse de luto a primera hora de la tarde de este jueves despu\u00e9s de que un joven de s\u00f3lo 20 a\u00f1os haya fallecido despu\u00e9s de sufrir un accidente de tr\u00e1fico <a href=\"https:\/\/cadenaser.com\/tag\/benidorm\/a\/\" target=\"_blank\" rel=\"noopener\">en la parte alta de la avenida Severo Ochoa<\/a> en sentido salida de la ciudad.<\/p>   <p>Tal y como han confirmado a Radio Benidorm fuentes de la Polic\u00eda Local de Benidorm, el joven habr\u00eda salido s\u00f3lo unos minutos antes de un centro educativo privado ubicado en la zona del Rinc\u00f3n de Loix en direcci\u00f3n hacia la vecina localidad de <a href=\"https:\/\/cadenaser.com\/tag\/polop\/a\/\" target=\"_blank\" rel=\"noopener\">Polop de la Marina<\/a>.<\/p>   <p>Despu\u00e9s de haber recorrido apenas dos kil\u00f3metros y por casusas que todav\u00eda se desconocen, la v\u00edctima habr\u00eda perdido el control de su moto y se habr\u00eda estrellado contra una palmera falleciendo, seg\u00fan esas mismas fuentes, en el acto sin que nada se pudiera hacer por salvarle la vida.<\/p>   <p>La unidad de atestados de la Polic\u00eda Local ha comenzado ya a instruir las diligencias pertinentes para su posterior traslado al juzgado.<\/p> ","protected":false},"excerpt":{"rendered":"<p>La v\u00edctima ha perdido el control del veh\u00edculo estrell\u00e1ndose contra una palmera<\/p>\n","protected":false},"author":0,"featured_media":2182,"comment_status":"open","ping_status":"open","sticky":false,"template":"","format":"standard","meta":{"_acf_changed":false,"footnotes":""},"categories":[1],"tags":[],"class_list":["post-2181","post","type-post","status-publish","format-standard","has-post-thumbnail","hentry","category-sin-categoria"],"acf":{"ser_id":"AB5QIKAGLZCYFN2UOGBZRCVBXU","ser_url":"https:\/\/cadenaser.com\/comunitat-valenciana\/2024\/02\/08\/un-joven-de-solo-20-anos-pierde-la-vida-en-un-accidente-de-moto-radio-benidorm\/"},"_links":{"self":[{"href":"https:\/\/serbenidorm.daliisolutions.com\/index.php\/wp-json\/wp\/v2\/posts\/2181","targetHints":{"allow":["GET"]}}],"collection":[{"href":"https:\/\/serbenidorm.daliisolutions.com\/index.php\/wp-json\/wp\/v2\/posts"}],"about":[{"href":"https:\/\/serbenidorm.daliisolutions.com\/index.php\/wp-json\/wp\/v2\/types\/post"}],"replies":[{"embeddable":true,"href":"https:\/\/serbenidorm.daliisolutions.com\/index.php\/wp-json\/wp\/v2\/comments?post=2181"}],"version-history":[{"count":0,"href":"https:\/\/serbenidorm.daliisolutions.com\/index.php\/wp-json\/wp\/v2\/posts\/2181\/revisions"}],"wp:featuredmedia":[{"embeddable":true,"href":"https:\/\/serbenidorm.daliisolutions.com\/index.php\/wp-json\/wp\/v2\/media\/2182"}],"wp:attachment":[{"href":"https:\/\/serbenidorm.daliisolutions.com\/index.php\/wp-json\/wp\/v2\/media?parent=2181"}],"wp:term":[{"taxonomy":"category","embeddable":true,"href":"https:\/\/serbenidorm.daliisolutions.com\/index.php\/wp-json\/wp\/v2\/categories?post=2181"},{"taxonomy":"post_tag","embeddable":true,"href":"https:\/\/serbenidorm.daliisolutions.com\/index.php\/wp-json\/wp\/v2\/tags?post=2181"}],"curies":[{"name":"wp","href":"https:\/\/api.w.org\/{rel}","templated":true}]}}