{"id":21839,"date":"2026-01-26T11:56:20","date_gmt":"2026-01-26T10:56:20","guid":{"rendered":"https:\/\/serbenidorm.daliisolutions.com\/index.php\/2026\/01\/26\/el-huesitos-la-vila-toca-fondo-en-madrid\/"},"modified":"2026-01-26T11:56:20","modified_gmt":"2026-01-26T10:56:20","slug":"el-huesitos-la-vila-toca-fondo-en-madrid","status":"publish","type":"post","link":"https:\/\/serbenidorm.daliisolutions.com\/index.php\/2026\/01\/26\/el-huesitos-la-vila-toca-fondo-en-madrid\/","title":{"rendered":"El Huesitos-La Vila toca fondo en Madrid"},"content":{"rendered":" <p>El Huesitos-La Vila sigue penando en este arranque del a\u00f1o 2026, en el que el equipo del Pantano parece haber entrado en un profundo bache de juego que, tras la derrota de este domingo ante el Cisneros (45-14), ha encadenado tres partidos consecutivos sin ganar perdiendo as\u00ed buena parte del colch\u00f3n de puntos con el que, al cierre de 2025, parec\u00eda haber encarrilado su presencia en el play-off por el t\u00edtulo.<\/p>  <p>El de Madrid fue, probablemente, uno de los peores d\u00edas del Huesitos-La Vila en lo que va de temporada. De hecho, el partido ya se puso casi imposible durante la primera mitad, en la que el Cisneros se march\u00f3 al descanso con un aparentemente irremontable marcador de 21-7 a favor.<\/p>  <p>Los vileros, espesos e imprecisos en todas las facetas del juego, no pudieron tampoco mejorar sus sensaciones tras la reanudaci\u00f3n y terminaron por conceder la victoria por un abultado 45-14.<\/p>  <p>Ahora, llega un muy necesario par\u00f3n en la competici\u00f3n liguera para la disputa de las semifinales de la Copa del Rey, un objetivo quiz\u00e1s secundario para los de \u2018Falu\u2019, pero no por ello menos ilusionante e importante.<\/p>  <p>En esa ronda del torneo del KO, que se disputar\u00e1 el pr\u00f3ximo d\u00eda 8 de febrero a partido \u00fanico y, casualidades del calendario, tambi\u00e9n ante el Cisneros en su cancha, el Huesitos-La Vila deber\u00e1 tratar de darle la vuelta a la imagen dada en los tres choques disputados este a\u00f1o para, al menos, afrontar las dos \u00faltimas jornadas de la fase regular de la Divisi\u00f3n de Honor con el convencimiento de poder mantenerse entre los seis primeros clasificados y, con ello, entrar en el play-off por el t\u00edtulo.<\/p> ","protected":false},"excerpt":{"rendered":"<p>Mal partido de los del Pantano que deber\u00e1n reaccionar en las dos \u00faltimas jornadas<\/p>\n","protected":false},"author":0,"featured_media":21840,"comment_status":"","ping_status":"open","sticky":false,"template":"","format":"standard","meta":{"_acf_changed":false,"footnotes":""},"categories":[16],"tags":[],"class_list":["post-21839","post","type-post","status-publish","format-standard","has-post-thumbnail","hentry","category-deportes"],"acf":{"ser_id":"ZU7OMEKORBGANHQEKSH7F4NO4U","ser_url":"https:\/\/cadenaser.com\/comunitat-valenciana\/2026\/01\/26\/el-huesitos-la-vila-toca-fondo-en-madrid-radio-benidorm\/"},"_links":{"self":[{"href":"https:\/\/serbenidorm.daliisolutions.com\/index.php\/wp-json\/wp\/v2\/posts\/21839","targetHints":{"allow":["GET"]}}],"collection":[{"href":"https:\/\/serbenidorm.daliisolutions.com\/index.php\/wp-json\/wp\/v2\/posts"}],"about":[{"href":"https:\/\/serbenidorm.daliisolutions.com\/index.php\/wp-json\/wp\/v2\/types\/post"}],"replies":[{"embeddable":true,"href":"https:\/\/serbenidorm.daliisolutions.com\/index.php\/wp-json\/wp\/v2\/comments?post=21839"}],"version-history":[{"count":0,"href":"https:\/\/serbenidorm.daliisolutions.com\/index.php\/wp-json\/wp\/v2\/posts\/21839\/revisions"}],"wp:featuredmedia":[{"embeddable":true,"href":"https:\/\/serbenidorm.daliisolutions.com\/index.php\/wp-json\/wp\/v2\/media\/21840"}],"wp:attachment":[{"href":"https:\/\/serbenidorm.daliisolutions.com\/index.php\/wp-json\/wp\/v2\/media?parent=21839"}],"wp:term":[{"taxonomy":"category","embeddable":true,"href":"https:\/\/serbenidorm.daliisolutions.com\/index.php\/wp-json\/wp\/v2\/categories?post=21839"},{"taxonomy":"post_tag","embeddable":true,"href":"https:\/\/serbenidorm.daliisolutions.com\/index.php\/wp-json\/wp\/v2\/tags?post=21839"}],"curies":[{"name":"wp","href":"https:\/\/api.w.org\/{rel}","templated":true}]}}