{"id":21848,"date":"2026-01-26T12:56:41","date_gmt":"2026-01-26T11:56:41","guid":{"rendered":"https:\/\/serbenidorm.daliisolutions.com\/index.php\/2026\/01\/26\/el-c-f-la-nucia-roza-ya-los-puestos-de-ascenso\/"},"modified":"2026-01-26T12:56:41","modified_gmt":"2026-01-26T11:56:41","slug":"el-c-f-la-nucia-roza-ya-los-puestos-de-ascenso","status":"publish","type":"post","link":"https:\/\/serbenidorm.daliisolutions.com\/index.php\/2026\/01\/26\/el-c-f-la-nucia-roza-ya-los-puestos-de-ascenso\/","title":{"rendered":"El C.F. La Nuc\u00eda roza ya los puestos de ascenso"},"content":{"rendered":" <p>La jornada del f\u00fatbol en la Marina Baixa se ha saldado de manera muy positiva gracias a las victorias obtenidas tanto por el C.F. La Nuc\u00eda como el C.F. Benidorm, consolidando a ambos equipos como aspirantes a todo en sus respectivas competiciones.<\/p>  <p>En la Tercera RFEF, La Nuc\u00eda sigue con paso firme su buena racha de resultados tras imponerse por 1-0 en el Camilo Cano al Jove Espa\u00f1ol de San Vicente, una victoria que ha llevado a los rojillos a encadenar una din\u00e1mica de siete partidos sin perder con un balance de 17 puntos de 21 posibles.<\/p>  <p>Con ello, los de Vicente Mir se han colocado a s\u00f3lo un punto de los puestos de promoci\u00f3n de ascenso, un objetivo que en el cambio de a\u00f1o parec\u00eda casi inalcanzable y que ahora no s\u00f3lo parece cuesti\u00f3n de tiempo alcanzar, sino que empieza a parecer ya un paso intermedio antes de pensar en pelear por el \u00fanico puesto de ascenso directo que cotiza a nueve puntos de distancia.<\/p>  <p>El C.F. Benidorm volvi\u00f3 a dar una gran imagen en casa al endosarle una \u2018manita\u2019 al Benig\u00e0nim, un resultado tras el que los de Javier Vidales se mantienen firmes en el liderato de su grupo en la Lliga Comunitat con tres puntos de ventaja sobre un Torrevieja que no pierde la estela de los del Guillermo Amor.<\/p> ","protected":false},"excerpt":{"rendered":"<p>El C.F. Benidorm endosa una \u2018manita\u2019 al Benig\u00e0nim y sigue firme en el liderato<\/p>\n","protected":false},"author":0,"featured_media":21849,"comment_status":"","ping_status":"open","sticky":false,"template":"","format":"standard","meta":{"_acf_changed":false,"footnotes":""},"categories":[16],"tags":[],"class_list":["post-21848","post","type-post","status-publish","format-standard","has-post-thumbnail","hentry","category-deportes"],"acf":{"ser_id":"GKKMTA4K3BDRZFUN2GNONEEKUA","ser_url":"https:\/\/cadenaser.com\/comunitat-valenciana\/2026\/01\/26\/el-cf-la-nucia-roza-ya-los-puestos-de-ascenso-radio-benidorm\/"},"_links":{"self":[{"href":"https:\/\/serbenidorm.daliisolutions.com\/index.php\/wp-json\/wp\/v2\/posts\/21848","targetHints":{"allow":["GET"]}}],"collection":[{"href":"https:\/\/serbenidorm.daliisolutions.com\/index.php\/wp-json\/wp\/v2\/posts"}],"about":[{"href":"https:\/\/serbenidorm.daliisolutions.com\/index.php\/wp-json\/wp\/v2\/types\/post"}],"replies":[{"embeddable":true,"href":"https:\/\/serbenidorm.daliisolutions.com\/index.php\/wp-json\/wp\/v2\/comments?post=21848"}],"version-history":[{"count":0,"href":"https:\/\/serbenidorm.daliisolutions.com\/index.php\/wp-json\/wp\/v2\/posts\/21848\/revisions"}],"wp:featuredmedia":[{"embeddable":true,"href":"https:\/\/serbenidorm.daliisolutions.com\/index.php\/wp-json\/wp\/v2\/media\/21849"}],"wp:attachment":[{"href":"https:\/\/serbenidorm.daliisolutions.com\/index.php\/wp-json\/wp\/v2\/media?parent=21848"}],"wp:term":[{"taxonomy":"category","embeddable":true,"href":"https:\/\/serbenidorm.daliisolutions.com\/index.php\/wp-json\/wp\/v2\/categories?post=21848"},{"taxonomy":"post_tag","embeddable":true,"href":"https:\/\/serbenidorm.daliisolutions.com\/index.php\/wp-json\/wp\/v2\/tags?post=21848"}],"curies":[{"name":"wp","href":"https:\/\/api.w.org\/{rel}","templated":true}]}}