{"id":21857,"date":"2026-01-26T15:06:01","date_gmt":"2026-01-26T14:06:01","guid":{"rendered":"https:\/\/serbenidorm.daliisolutions.com\/index.php\/2026\/01\/26\/benidorm-ante-la-ejecucion-forzosa-del-pago-de-350-millones-por-serra-gelada\/"},"modified":"2026-01-26T15:06:01","modified_gmt":"2026-01-26T14:06:01","slug":"benidorm-ante-la-ejecucion-forzosa-del-pago-de-350-millones-por-serra-gelada","status":"publish","type":"post","link":"https:\/\/serbenidorm.daliisolutions.com\/index.php\/2026\/01\/26\/benidorm-ante-la-ejecucion-forzosa-del-pago-de-350-millones-por-serra-gelada\/","title":{"rendered":"Benidorm ante la ejecuci\u00f3n forzosa del pago de 350 millones por Serra Gelada"},"content":{"rendered":" <p>La familia Murcia Puchades ha dado un paso m\u00e1s en el conflicto con el Ayuntamiento de Benidorm para reclamar el pago de la indemnizaci\u00f3n de m\u00e1s de 350 millones de euros tras la sentencia judicial firme por la p\u00e9rdida de derechos urban\u00edsticos en los terrenos de Serra Gelada, actualmente parque natural. <\/p>  <p>Una sentencia que establec\u00eda que el Ayuntamiento deb\u00eda pagar 283 millones de euros, m\u00e1s los correspondientes intereses legales, a las mercantiles Murcia Puchades Expansi\u00f3n SL y Urban Villajoyosa 2000 SL en compensaci\u00f3n por esos aprovechamientos de su propiedad incluidos en el sector APR-7.<\/p>  <p>El origen del conflicto se remonta a convenios firmados hace m\u00e1s de dos d\u00e9cadas con el consistorio en los que se acordaba la compensaci\u00f3n por la edificabilidad de esos terrenos y prorrogados a lo largo de este tiempo por gobiernos locales del PP y del PSOE. <\/p>  <p>El actual equipo de gobierno, encabezado por Toni P\u00e9rez (PP), sigue sin dar pistas de cu\u00e1l va a ser su pr\u00f3ximo paso a pesar de la creciente pol\u00e9mica pol\u00edtica y mientras los \u00faltimos acontecimientos parecen abocar a que habr\u00e1 que darlo m\u00e1s pronto que tarde. <\/p>  <p>En el escrito para pedir el pago forzoso al que ha tenido acceso <a href=\"https:\/\/cadenaser.com\/tag\/benidorm\/a\/\" target=\"_blank\" rel=\"nofollow\" title=\"https:\/\/cadenaser.com\/tag\/benidorm\/a\/\">Radio Benidorm<\/a> los Murcia Puchades apuntan, entre otras cosas, a la &#8216;inactividad&#8217; del Ayuntamiento en este sentido: \u00abTranscurridos m\u00e1s de nueve meses desde que el Ayuntamiento tuvo conocimiento de la firmeza de la Sentencia del TSJCV y cuatro meses desde que se le comunic\u00f3 el testimonio de esta Sentencia para su ejecuci\u00f3n, esta parte no tiene constancia de que el Ayuntamiento haya desarrollado actividad alguna tendente al cumplimiento de esta resoluci\u00f3n judicial, es decir, al pago de la cantidad fijada y sus intereses\u00bb.<\/p>  <p>As\u00ed las cosas, concreta ese escrito, \u00abes claro que el Ayuntamiento deber\u00eda haber concluido ya el procedimiento de modificaci\u00f3n presupuestaria necesaria para hacer frente al pago ordenado por la sentencia firme, lo que no consta que haya ocurrido. T\u00e9ngase en cuenta, adem\u00e1s, que cualquier super\u00e1vit que tenga el Ayuntamiento deber\u00e1 ser destinado al pago de la resoluci\u00f3n judicial firme, a tenor de lo dispuesto en los art\u00edculos 14 y 32 de la Ley Org\u00e1nica 2\/2012, de 27 de abril, de Estabilidad Presupuestaria y Sostenibilidad Financiera (LOEPSF)\u00bb.<\/p>  <p><\/p> ","protected":false},"excerpt":{"rendered":"<p>La familia Murcia Puchades pide al juez que se ejecute una sentencia sin precedentes en el urbanismo espa\u00f1ol y se\u00f1ala que cualquier super\u00e1vit que tenga el Ayuntamiento deber\u00e1 ser destinado a ello<\/p>\n","protected":false},"author":0,"featured_media":21858,"comment_status":"","ping_status":"open","sticky":false,"template":"","format":"standard","meta":{"_acf_changed":false,"footnotes":""},"categories":[1],"tags":[],"class_list":["post-21857","post","type-post","status-publish","format-standard","has-post-thumbnail","hentry","category-sin-categoria"],"acf":{"ser_id":"2XNPKZ4DCJAR5EITCAJ66GHP2I","ser_url":"https:\/\/cadenaser.com\/comunitat-valenciana\/2026\/01\/26\/benidorm-ante-la-ejecucion-forzosa-del-pago-de-350-millones-por-serra-gelada-radio-benidorm\/"},"_links":{"self":[{"href":"https:\/\/serbenidorm.daliisolutions.com\/index.php\/wp-json\/wp\/v2\/posts\/21857","targetHints":{"allow":["GET"]}}],"collection":[{"href":"https:\/\/serbenidorm.daliisolutions.com\/index.php\/wp-json\/wp\/v2\/posts"}],"about":[{"href":"https:\/\/serbenidorm.daliisolutions.com\/index.php\/wp-json\/wp\/v2\/types\/post"}],"replies":[{"embeddable":true,"href":"https:\/\/serbenidorm.daliisolutions.com\/index.php\/wp-json\/wp\/v2\/comments?post=21857"}],"version-history":[{"count":0,"href":"https:\/\/serbenidorm.daliisolutions.com\/index.php\/wp-json\/wp\/v2\/posts\/21857\/revisions"}],"wp:featuredmedia":[{"embeddable":true,"href":"https:\/\/serbenidorm.daliisolutions.com\/index.php\/wp-json\/wp\/v2\/media\/21858"}],"wp:attachment":[{"href":"https:\/\/serbenidorm.daliisolutions.com\/index.php\/wp-json\/wp\/v2\/media?parent=21857"}],"wp:term":[{"taxonomy":"category","embeddable":true,"href":"https:\/\/serbenidorm.daliisolutions.com\/index.php\/wp-json\/wp\/v2\/categories?post=21857"},{"taxonomy":"post_tag","embeddable":true,"href":"https:\/\/serbenidorm.daliisolutions.com\/index.php\/wp-json\/wp\/v2\/tags?post=21857"}],"curies":[{"name":"wp","href":"https:\/\/api.w.org\/{rel}","templated":true}]}}