{"id":21883,"date":"2026-01-27T14:16:11","date_gmt":"2026-01-27T13:16:11","guid":{"rendered":"https:\/\/serbenidorm.daliisolutions.com\/index.php\/2026\/01\/27\/benidorm-y-la-marina-baixa-en-alerta-naranja-por-vientos-empiezan-a-cerrar-parques\/"},"modified":"2026-01-27T14:16:11","modified_gmt":"2026-01-27T13:16:11","slug":"benidorm-y-la-marina-baixa-en-alerta-naranja-por-vientos-empiezan-a-cerrar-parques","status":"publish","type":"post","link":"https:\/\/serbenidorm.daliisolutions.com\/index.php\/2026\/01\/27\/benidorm-y-la-marina-baixa-en-alerta-naranja-por-vientos-empiezan-a-cerrar-parques\/","title":{"rendered":"Benidorm y la Marina Baixa, en alerta naranja por vientos, empiezan a cerrar parques"},"content":{"rendered":" <p>El Centro de Coordinaci\u00f3n de Emergencias (CCE) de la Generalitat Valenciana ha establecido este martes a mediod\u00eda la alerta nivel naranja por vientos en toda la provincia de Alicante.<\/p>  <p>Ante la previsi\u00f3n de fuertes vientos y con ese aviso <a href=\"https:\/\/cadenaser.com\/tag\/benidorm\/a\/\" target=\"_blank\" rel=\"nofollow\" title=\"https:\/\/cadenaser.com\/tag\/benidorm\/a\/\">los ayuntamientos de la Marina Baixa est\u00e1n empezando a adoptar medidas como el cierre de parques y la suspensi\u00f3n de algunas actividades al aire libre en Benidorm o Finestrat<\/a>. En otras localidades se est\u00e1 valorando a esta hora c\u00f3mo proceder.<\/p>  <p>Se mantiene, en cualquier caso, la actividad lectiva en los centros educativos; aunque se pide evitar desplazamientos y consultar \u00fanicamente canales oficiales para seguir la evoluci\u00f3n meteorol\u00f3gica.<\/p> ","protected":false},"excerpt":{"rendered":"<p>Los ayuntamientos piden evitar desplazamientos<\/p>\n","protected":false},"author":0,"featured_media":21884,"comment_status":"","ping_status":"open","sticky":false,"template":"","format":"standard","meta":{"_acf_changed":false,"footnotes":""},"categories":[1],"tags":[],"class_list":["post-21883","post","type-post","status-publish","format-standard","has-post-thumbnail","hentry","category-sin-categoria"],"acf":{"ser_id":"NJBVZVW4NFEWXK4Z3MDQDRVCKM","ser_url":"https:\/\/cadenaser.com\/comunitat-valenciana\/2026\/01\/27\/benidorm-y-la-marina-baixa-en-alerta-naranja-por-vientos-radio-benidorm\/"},"_links":{"self":[{"href":"https:\/\/serbenidorm.daliisolutions.com\/index.php\/wp-json\/wp\/v2\/posts\/21883","targetHints":{"allow":["GET"]}}],"collection":[{"href":"https:\/\/serbenidorm.daliisolutions.com\/index.php\/wp-json\/wp\/v2\/posts"}],"about":[{"href":"https:\/\/serbenidorm.daliisolutions.com\/index.php\/wp-json\/wp\/v2\/types\/post"}],"replies":[{"embeddable":true,"href":"https:\/\/serbenidorm.daliisolutions.com\/index.php\/wp-json\/wp\/v2\/comments?post=21883"}],"version-history":[{"count":0,"href":"https:\/\/serbenidorm.daliisolutions.com\/index.php\/wp-json\/wp\/v2\/posts\/21883\/revisions"}],"wp:featuredmedia":[{"embeddable":true,"href":"https:\/\/serbenidorm.daliisolutions.com\/index.php\/wp-json\/wp\/v2\/media\/21884"}],"wp:attachment":[{"href":"https:\/\/serbenidorm.daliisolutions.com\/index.php\/wp-json\/wp\/v2\/media?parent=21883"}],"wp:term":[{"taxonomy":"category","embeddable":true,"href":"https:\/\/serbenidorm.daliisolutions.com\/index.php\/wp-json\/wp\/v2\/categories?post=21883"},{"taxonomy":"post_tag","embeddable":true,"href":"https:\/\/serbenidorm.daliisolutions.com\/index.php\/wp-json\/wp\/v2\/tags?post=21883"}],"curies":[{"name":"wp","href":"https:\/\/api.w.org\/{rel}","templated":true}]}}