{"id":21885,"date":"2026-01-27T15:16:02","date_gmt":"2026-01-27T14:16:02","guid":{"rendered":"https:\/\/serbenidorm.daliisolutions.com\/index.php\/2026\/01\/27\/benidorm-obligado-a-rehacer-el-presupuesto-municipal-por-la-sentencia-millonaria-de-serra-gelada\/"},"modified":"2026-01-27T15:16:02","modified_gmt":"2026-01-27T14:16:02","slug":"benidorm-obligado-a-rehacer-el-presupuesto-municipal-por-la-sentencia-millonaria-de-serra-gelada","status":"publish","type":"post","link":"https:\/\/serbenidorm.daliisolutions.com\/index.php\/2026\/01\/27\/benidorm-obligado-a-rehacer-el-presupuesto-municipal-por-la-sentencia-millonaria-de-serra-gelada\/","title":{"rendered":"Benidorm, obligado a rehacer el presupuesto municipal por la sentencia millonaria de Serra Gelada"},"content":{"rendered":" <p>La condena judicial que obliga al Ayuntamiento de Benidorm a pagar m\u00e1s de <a href=\"https:\/\/cadenaser.com\/comunitat-valenciana\/2026\/01\/26\/benidorm-ante-la-ejecucion-forzosa-del-pago-de-350-millones-por-serra-gelada-radio-benidorm\/\" target=\"_blank\" rel=\"nofollow\" title=\"https:\/\/cadenaser.com\/comunitat-valenciana\/2026\/01\/26\/benidorm-ante-la-ejecucion-forzosa-del-pago-de-350-millones-por-serra-gelada-radio-benidorm\/\">350 millones de euros por los terrenos del APR-7 en Serra Gelada<\/a> ha dejado sin validez el borrador del presupuesto municipal y obliga al Consistorio a rehacer por completo sus cuentas. As\u00ed lo han asegurado en la Tertulia Municipal de <a href=\"https:\/\/radiobenidorm.es\" target=\"_blank\" rel=\"nofollow\" title=\"https:\/\/radiobenidorm.es\">Hoy por Hoy Benidorm<\/a> las portavoces de Gobierno y Oposici\u00f3n, preguntadas al respecto.<\/p>  <p>El propio Gobierno local reconoce que las previsiones iniciales \u201cresultan insuficientes\u201d tras el fallo definitivo y que ser\u00e1 necesario adaptar el presupuesto al calendario de pagos que se acuerde en la ejecuci\u00f3n de la sentencia, lo que podr\u00eda retrasar su aprobaci\u00f3n. El borrador presupuestario contemplaba un fondo de contingencia de 6 millones de euros para la sentencia de Serra Gelada, pero ha quedado desfasado con las \u00faltimas resoluciones judiciales. <\/p>  <p>Seg\u00fan la portavoz del Gobierno, Lourdes Caselles, en la Junta de Portavoces celebrada hoy tras el pleno, se ha informado a los grupos de que \u201cya se est\u00e1 trabajando con los servicios jur\u00eddicos internos y externos y con la Intervenci\u00f3n municipal para elaborar los informes necesarios que permitan responder al juzgado y proceder a la ejecuci\u00f3n de la sentencia\u201d.<\/p>  <p>Caselles insiste en que todas las decisiones se adoptar\u00e1n \u201csiguiendo criterios t\u00e9cnicos\u201d y con el objetivo de \u201cevitar una quiebra t\u00e9cnica del Ayuntamiento\u201d o la posibilidad de que \u00e9ste sea intervenido. La portavoz subraya que el Consistorio actuar\u00e1 conforme a lo que determinen los informes econ\u00f3micos y jur\u00eddicos y defiende que la gesti\u00f3n se est\u00e1 realizando con \u201ctransparencia absoluta\u201d.<\/p>  <p>Por su parte, la portavoz del PSOE, Cristina Escoda, ha critic\u00f3 la gesti\u00f3n del gobierno local y asegura que \u201cllega tarde\u201d. Escoda insiste en que la sentencia \u201cera firme desde hace tiempo\u201d y reprocha al alcalde no haber explorado antes todas las alternativas posibles. A su juicio, la indemnizaci\u00f3n, que equivale a \u201cdos presupuestos y medio\u201d del Ayuntamiento, puede tener consecuencias muy graves tanto para los servicios p\u00fablicos como para la presi\u00f3n fiscal sobre los vecinos.<\/p>  <p>En cuanto a la forma de afrontar el pago, el gobierno confirma que todas las opciones est\u00e1n sobre la mesa: fraccionamientos o aplazamientos, solicitud de pr\u00e9stamos, pagos en especie o una combinaci\u00f3n de f\u00f3rmulas, siempre supeditadas a la aceptaci\u00f3n judicial y de la parte propietaria. <\/p>  <p>Sobre la posibilidad de negociar con la familia propietaria, Caselles se\u00f1ala que ahora, una vez iniciada la fase de ejecuci\u00f3n de la sentencia, s\u00ed existe margen para plantear acuerdos, algo que \u2014seg\u00fan ha defendido\u2014 no era viable en etapas anteriores por las resoluciones judiciales que declaraban nulos los convenios urban\u00edsticos. Escoda, sin embargo, acusa al Gobierno de \u201cno haber tenido voluntad real de negociaci\u00f3n cuando todav\u00eda hab\u00eda margen\u201d para reducir el impacto econ\u00f3mico.<\/p>  <p>En paralelo, el alcalde de Benidorm, Toni P\u00e9rez, ha abierto la puerta a solicitar ayuda a otras administraciones para hacer frente al pago. El primer edil no descarta acudir a la Generalitat Valenciana, al Gobierno central o incluso a la Uni\u00f3n Europea, insistiendo en que el Ayuntamiento deber\u00e1 \u201cllamar a cualquier puerta\u201d si es necesario para cumplir la sentencia sin trasladar todo el impacto a los ciudadanos. P\u00e9rez por el momento descarta una subida de impuestos o tasas municipales.<\/p>  <p><a href=\"https:\/\/cadenaser.com\/comunitat-valenciana\/2026\/01\/12\/el-ayuntamiento-de-benidorm-estudia-recurrir-el-ultimo-reves-judicial-por-serra-gelada-radio-benidorm\/\" target=\"_blank\" rel=\"nofollow\" title=\"https:\/\/cadenaser.com\/comunitat-valenciana\/2026\/01\/12\/el-ayuntamiento-de-benidorm-estudia-recurrir-el-ultimo-reves-judicial-por-serra-gelada-radio-benidorm\/\">Aunque el alcalde no ha concretado todav\u00eda cu\u00e1l ser\u00e1 el camino a seguir, ha dejado pr\u00e1cticamente todos los escenarios abiertos<\/a>. Toni P\u00e9rez realiz\u00f3 estas declaraciones tras una reuni\u00f3n en el Palau de la Generalitat con el president, Juanfran P\u00e9rez Llorca, a la que acudi\u00f3 en calidad de presidente de la Diputaci\u00f3n. Seg\u00fan asegur\u00f3, ser\u00e1 en los pr\u00f3ximos d\u00edas cuando se concreten los pasos a dar. El primer edil ha defendido en todo momento la \u201ctransparencia absoluta\u201d del proceso y ha insistido en que cualquier decisi\u00f3n debe basarse en criterios t\u00e9cnicos. <\/p>  <p>El debate sobre la sentencia y sus posibles repercusiones econ\u00f3micas ha llegado a la calle donde crece la preocupaci\u00f3n ciudadana. El temor a posibles subidas de impuestos o a una merma de servicios municipales est\u00e1 muy presente en los vecinos del municipio que alertan del impacto directo que una condena de esta magnitud puede tener en su econom\u00eda cotidiana. <\/p> ","protected":false},"excerpt":{"rendered":"<p>El alcalde no descarta acudir a la Generalitat, el Gobierno central o incluso la Uni\u00f3n Europea para hacer frente a la indemnizaci\u00f3n<\/p>\n","protected":false},"author":0,"featured_media":21886,"comment_status":"","ping_status":"open","sticky":false,"template":"","format":"standard","meta":{"_acf_changed":false,"footnotes":""},"categories":[1],"tags":[],"class_list":["post-21885","post","type-post","status-publish","format-standard","has-post-thumbnail","hentry","category-sin-categoria"],"acf":{"ser_id":"WLHLAXELV5FHFB53QW7Y6GTPEI","ser_url":"https:\/\/cadenaser.com\/comunitat-valenciana\/2026\/01\/27\/benidorm-obligado-a-rehacer-el-presupuesto-municipal-por-la-sentencia-millonaria-de-serra-gelada-radio-benidorm\/"},"_links":{"self":[{"href":"https:\/\/serbenidorm.daliisolutions.com\/index.php\/wp-json\/wp\/v2\/posts\/21885","targetHints":{"allow":["GET"]}}],"collection":[{"href":"https:\/\/serbenidorm.daliisolutions.com\/index.php\/wp-json\/wp\/v2\/posts"}],"about":[{"href":"https:\/\/serbenidorm.daliisolutions.com\/index.php\/wp-json\/wp\/v2\/types\/post"}],"replies":[{"embeddable":true,"href":"https:\/\/serbenidorm.daliisolutions.com\/index.php\/wp-json\/wp\/v2\/comments?post=21885"}],"version-history":[{"count":0,"href":"https:\/\/serbenidorm.daliisolutions.com\/index.php\/wp-json\/wp\/v2\/posts\/21885\/revisions"}],"wp:featuredmedia":[{"embeddable":true,"href":"https:\/\/serbenidorm.daliisolutions.com\/index.php\/wp-json\/wp\/v2\/media\/21886"}],"wp:attachment":[{"href":"https:\/\/serbenidorm.daliisolutions.com\/index.php\/wp-json\/wp\/v2\/media?parent=21885"}],"wp:term":[{"taxonomy":"category","embeddable":true,"href":"https:\/\/serbenidorm.daliisolutions.com\/index.php\/wp-json\/wp\/v2\/categories?post=21885"},{"taxonomy":"post_tag","embeddable":true,"href":"https:\/\/serbenidorm.daliisolutions.com\/index.php\/wp-json\/wp\/v2\/tags?post=21885"}],"curies":[{"name":"wp","href":"https:\/\/api.w.org\/{rel}","templated":true}]}}