{"id":21912,"date":"2026-01-28T11:06:08","date_gmt":"2026-01-28T10:06:08","guid":{"rendered":"https:\/\/serbenidorm.daliisolutions.com\/index.php\/2026\/01\/28\/el-balonmano-servigroup-benidorm-quiere-volver-a-puestos-de-ascenso-en-sagunto\/"},"modified":"2026-01-28T11:06:08","modified_gmt":"2026-01-28T10:06:08","slug":"el-balonmano-servigroup-benidorm-quiere-volver-a-puestos-de-ascenso-en-sagunto","status":"publish","type":"post","link":"https:\/\/serbenidorm.daliisolutions.com\/index.php\/2026\/01\/28\/el-balonmano-servigroup-benidorm-quiere-volver-a-puestos-de-ascenso-en-sagunto\/","title":{"rendered":"El Balonmano Servigroup Benidorm quiere volver a puestos de ascenso en Sagunto"},"content":{"rendered":" <p>El Balonmano Servigroup Benidorm afronta este mi\u00e9rcoles (20:00 horas) el derbi auton\u00f3mico ante el Puerto Sagunto correspondiente a la 14\u00aa jornada de competici\u00f3n y que qued\u00f3 aplazado en su momento. Tras acumular una racha de cinco partidos consecutivos sin perder, los de Alejandro \u2018Cuti\u2019 Cutanda tratar\u00e1n no s\u00f3lo de alargar esa buena din\u00e1mica, sino tambi\u00e9n volver a sumar de dos en dos tras los empates frente a Cisne y Oviedo.<\/p>  <p>Precisamente ese largo desplazamiento a Asturias del pasado fin de semana y sus consecuencias en t\u00e9rminos de cansancio es la mayor preocupaci\u00f3n de un grupo que, por lo dem\u00e1s, no podr\u00e1 contar con su \u00faltimo fichaje, el pivote Ferr\u00e1n Prieto, ya que, tal y como marca la normativa, \u2018Cuti\u2019 no puede alinear a un jugador que no ten\u00eda ficha con su equipo en el d\u00eda inicialmente previsto para la disputa del choque.<\/p>  <p>Ser\u00e1, en todo caso, una baja sensible ya que, tras la marcha de Lucas Moscariello, la ausencia del joven jugador dejar\u00e1 a Daniil Zhukov como \u00fanica clara referencia en ese puesto para un choque ante un rival directo en la pelea por los puestos de ascenso a la liga Asobal.<\/p>  <p>Tras un partido \u2018raro\u2019 en Oviedo, en el que el Balonmano Servigroup Benidorm tuvo momentos brillantes y otros de claro apag\u00f3n de juego, el vestuario conf\u00eda en que el ritmo de competici\u00f3n comience a dar sus frutos y, con ello, vuelva ese equipo capaz de rendir a su mejor nivel a lo largo de los 60 minutos de juego.<\/p> ","protected":false},"excerpt":{"rendered":"<p>Los del Palau afrontan este mi\u00e9rcoles el aplazado derbi auton\u00f3mico<\/p>\n","protected":false},"author":0,"featured_media":21913,"comment_status":"","ping_status":"open","sticky":false,"template":"","format":"standard","meta":{"_acf_changed":false,"footnotes":""},"categories":[16],"tags":[],"class_list":["post-21912","post","type-post","status-publish","format-standard","has-post-thumbnail","hentry","category-deportes"],"acf":{"ser_id":"XEPJKQDI4VFSVPWIMV3FFJYKMA","ser_url":"https:\/\/cadenaser.com\/comunitat-valenciana\/2026\/01\/28\/el-balonmano-servigroup-benidorm-quiere-volver-a-puestos-de-ascenso-en-sagunto-radio-benidorm\/"},"_links":{"self":[{"href":"https:\/\/serbenidorm.daliisolutions.com\/index.php\/wp-json\/wp\/v2\/posts\/21912","targetHints":{"allow":["GET"]}}],"collection":[{"href":"https:\/\/serbenidorm.daliisolutions.com\/index.php\/wp-json\/wp\/v2\/posts"}],"about":[{"href":"https:\/\/serbenidorm.daliisolutions.com\/index.php\/wp-json\/wp\/v2\/types\/post"}],"replies":[{"embeddable":true,"href":"https:\/\/serbenidorm.daliisolutions.com\/index.php\/wp-json\/wp\/v2\/comments?post=21912"}],"version-history":[{"count":0,"href":"https:\/\/serbenidorm.daliisolutions.com\/index.php\/wp-json\/wp\/v2\/posts\/21912\/revisions"}],"wp:featuredmedia":[{"embeddable":true,"href":"https:\/\/serbenidorm.daliisolutions.com\/index.php\/wp-json\/wp\/v2\/media\/21913"}],"wp:attachment":[{"href":"https:\/\/serbenidorm.daliisolutions.com\/index.php\/wp-json\/wp\/v2\/media?parent=21912"}],"wp:term":[{"taxonomy":"category","embeddable":true,"href":"https:\/\/serbenidorm.daliisolutions.com\/index.php\/wp-json\/wp\/v2\/categories?post=21912"},{"taxonomy":"post_tag","embeddable":true,"href":"https:\/\/serbenidorm.daliisolutions.com\/index.php\/wp-json\/wp\/v2\/tags?post=21912"}],"curies":[{"name":"wp","href":"https:\/\/api.w.org\/{rel}","templated":true}]}}