{"id":21918,"date":"2026-01-28T13:36:16","date_gmt":"2026-01-28T12:36:16","guid":{"rendered":"https:\/\/serbenidorm.daliisolutions.com\/index.php\/2026\/01\/28\/felipe-orts-llega-en-su-mejor-momento-a-un-mundial-para-sonar\/"},"modified":"2026-01-28T13:36:16","modified_gmt":"2026-01-28T12:36:16","slug":"felipe-orts-llega-en-su-mejor-momento-a-un-mundial-para-sonar","status":"publish","type":"post","link":"https:\/\/serbenidorm.daliisolutions.com\/index.php\/2026\/01\/28\/felipe-orts-llega-en-su-mejor-momento-a-un-mundial-para-sonar\/","title":{"rendered":"Felipe Orts llega en su mejor momento a un Mundial para so\u00f1ar"},"content":{"rendered":" <p>La localidad neerlandesa de Hulst acoger\u00e1 el pr\u00f3ximo fin de semana el Campeonato del Mundo de ciclocross. La prueba reina, la \u00e9lite masculina, se disputar\u00e1 el domingo (15:10 horas, Teledeporte) con la presencia del vilero Felipe Orts como jefe de filas de la delegaci\u00f3n espa\u00f1ola y, tras los buenos resultados obtenidos en este tramo final de la campa\u00f1a invernal, como claro aspirante a medalla.<\/p>  <p>Nueve a\u00f1os despu\u00e9s de proclamarse subcampe\u00f3n (superado s\u00f3lo por su actual compa\u00f1ero de equipo, Joris Nieuwenhuis) de la categor\u00eda Sub-23 en Bieles (Luxemburgo), Orts llega a Pa\u00edses Bajos en una de sus mejores versiones de siempre. <\/p>  <p>Tras el hist\u00f3rico podio alcanzado en Benidorm y el buen cierre de Copa del Mundo del pasado fin de semana en Maasmechelen (5\u00ba) y Hoogerheide (6\u00ba), la planificaci\u00f3n de su campa\u00f1a, que pasaba por llegar en buena forma a estas semanas clave, ha dado sus frutos y nadie se atreve ahora a descartar al mejor especialista espa\u00f1ol de todos los tiempos para el podio.<\/p>  <p>Aparentemente inalcanzable, Mathieu Van der Poel es el claro favorito para sumar el que ser\u00eda su octavo t\u00edtulo de campe\u00f3n del mundo, lo que deshar\u00eda el actual empate a siete arco\u00edris con Eric De Vlaeminck (1966, 1968, 1969, 1970, 1971, 1972 y 1973) y colocar\u00eda el neerland\u00e9s como el hombre m\u00e1s laureado de la historia en esta competici\u00f3n empatado, eso s\u00ed, con su compatriota Marianne Vos, que s\u00ed ha alcanzado esa cifra (2006, 2009, 2010, 2011, 2012, 2013, 2014 y 2022) en la categor\u00eda femenina.<\/p>  <p>Por detr\u00e1s, en la categor\u00eda de los \u2018mortales\u2019, el belga Thibau Nys y el neerland\u00e9s Tibor Del Grosso aparecen como los hombres a batir en la pelea por las medallas. Tras ellos, en el siguiente escal\u00f3n, Orts&nbsp; comparte favoritismo con un Niels Vandeputte (B\u00e9lgica) que, como en el caso del Campe\u00f3n de Espa\u00f1a, ha llegado a las \u00faltimas semanas de la temporada con un gran golpe de pedal y un Joris Nieuwenhuis (Pa\u00edses Bajos) que, a falta de regularidad, se ha mostrado capaz de lo mejor si las circunstancias le son favorables.<\/p>  <p>Tras aquella plata de Bieles como Sub-23, el Mundial es una prueba que se le ha atragantado hist\u00f3ricamente a Orts. Su mejor resultado en esta carrera lleg\u00f3 en 2024, cuando fue d\u00e9cimo en T\u00e1bor (Rep\u00fablica Checa). Sin embargo, pese a ese \u2018gafe\u2019 relativo en la pelea por el arco\u00edris, el de La Vila Joiosa nunca hab\u00eda transmitido tan buenas sensaciones a falta de pocos d\u00edas para esa cita.<\/p>  <p>A su favor, adem\u00e1s, juega su propio historial en el circuito de Hulst, donde el a\u00f1o pasado (cuando fue la cuarta puntuable de la Copa del Mundo) fue segundo s\u00f3lo por detr\u00e1s de Niels Vandeputte.<\/p>  <p>La del domingo ser\u00e1, en todo caso, la gran cita del fin de semana mundialista, pero el primer contacto competitivo de Orts con el circuito neerland\u00e9s se producir\u00e1 el viernes (13:35 horas) con la carrera de relevos por equipos, en la que Espa\u00f1a formar\u00e1, adem\u00e1s de con el propio Felipe, con Mirari Gotxi (J\u00fanior femenina), Benjam\u00edn Noval (J\u00fanior masculino), Lorena Pati\u00f1o (Sub-23 femenina), Ra\u00fal Mira (Sub-23 masculino) y Sof\u00eda Rodr\u00edguez (\u00c9lite femenina).<\/p> ","protected":false},"excerpt":{"rendered":"<p>Los resultados de las \u00faltimas semanas sit\u00faan al vilero entre los aspirantes al podio<\/p>\n","protected":false},"author":0,"featured_media":21919,"comment_status":"","ping_status":"open","sticky":false,"template":"","format":"standard","meta":{"_acf_changed":false,"footnotes":""},"categories":[16],"tags":[],"class_list":["post-21918","post","type-post","status-publish","format-standard","has-post-thumbnail","hentry","category-deportes"],"acf":{"ser_id":"4ZTBY5TWCZE2FKRNMOAFO5O3NA","ser_url":"https:\/\/cadenaser.com\/comunitat-valenciana\/2026\/01\/28\/felipe-orts-llega-en-su-mejor-momento-a-un-mundial-para-sonar-radio-benidorm\/"},"_links":{"self":[{"href":"https:\/\/serbenidorm.daliisolutions.com\/index.php\/wp-json\/wp\/v2\/posts\/21918","targetHints":{"allow":["GET"]}}],"collection":[{"href":"https:\/\/serbenidorm.daliisolutions.com\/index.php\/wp-json\/wp\/v2\/posts"}],"about":[{"href":"https:\/\/serbenidorm.daliisolutions.com\/index.php\/wp-json\/wp\/v2\/types\/post"}],"replies":[{"embeddable":true,"href":"https:\/\/serbenidorm.daliisolutions.com\/index.php\/wp-json\/wp\/v2\/comments?post=21918"}],"version-history":[{"count":0,"href":"https:\/\/serbenidorm.daliisolutions.com\/index.php\/wp-json\/wp\/v2\/posts\/21918\/revisions"}],"wp:featuredmedia":[{"embeddable":true,"href":"https:\/\/serbenidorm.daliisolutions.com\/index.php\/wp-json\/wp\/v2\/media\/21919"}],"wp:attachment":[{"href":"https:\/\/serbenidorm.daliisolutions.com\/index.php\/wp-json\/wp\/v2\/media?parent=21918"}],"wp:term":[{"taxonomy":"category","embeddable":true,"href":"https:\/\/serbenidorm.daliisolutions.com\/index.php\/wp-json\/wp\/v2\/categories?post=21918"},{"taxonomy":"post_tag","embeddable":true,"href":"https:\/\/serbenidorm.daliisolutions.com\/index.php\/wp-json\/wp\/v2\/tags?post=21918"}],"curies":[{"name":"wp","href":"https:\/\/api.w.org\/{rel}","templated":true}]}}