{"id":21921,"date":"2026-01-28T14:48:34","date_gmt":"2026-01-28T13:48:34","guid":{"rendered":"https:\/\/serbenidorm.daliisolutions.com\/index.php\/2026\/01\/28\/las-extensiones-administrativas-de-benidorm-hicieron-la-mitad-de-servicios-en-2025\/"},"modified":"2026-01-28T14:48:34","modified_gmt":"2026-01-28T13:48:34","slug":"las-extensiones-administrativas-de-benidorm-hicieron-la-mitad-de-servicios-en-2025","status":"publish","type":"post","link":"https:\/\/serbenidorm.daliisolutions.com\/index.php\/2026\/01\/28\/las-extensiones-administrativas-de-benidorm-hicieron-la-mitad-de-servicios-en-2025\/","title":{"rendered":"Las extensiones administrativas de Benidorm hicieron la mitad de servicios en 2025"},"content":{"rendered":" <p>Los tr\u00e1mites y atenciones al ciudadano en las extensiones administrativas de Benidorm cayeron a la mitad durante el a\u00f1o pasado, de 66.000 a 33.700; algo que el Ayuntamiento atribuye al uso, cada vez m\u00e1s frecuente, de la Sede Electr\u00f3nica.<\/p>  <p>De esos casi 34.000 servicios realizados a los vecinos en 2025 <a href=\"https:\/\/cadenaser.com\/tag\/benidorm\/a\/\" target=\"_blank\" rel=\"nofollow\" title=\"https:\/\/cadenaser.com\/tag\/benidorm\/a\/\">el 72% fueron, seg\u00fan los \u00faltimos datos municipales, gestiones relacionadas con el padr\u00f3n<\/a>, aunque tambi\u00e9n cada vez m\u00e1s gente hace esos tr\u00e1mites online.<\/p>  <p>De vuelta a las cinco oficinas presenciales de las que dispone la capital tur\u00edstica de la Comunitat Valenciana al padr\u00f3n he habitantes le sigue, en orden de solicitudes, los registros de entrada (14%), los tr\u00e1mites que no requer\u00edan de registro (7%) y, por \u00faltimo, la gesti\u00f3n de tasas (6%).<\/p>  <p>As\u00ed lo ha detallado la edil responsable de las mismas, M\u00f3nica G\u00f3mez, antes de mostrarse \u201csatisfecha\u201d con los resultados de la memoria de actividades \u201cporque este elevado n\u00famero de gestiones demuestra que es necesario mantener a la Administraci\u00f3n local cerca del ciudadano y ayudarles en sus tr\u00e1mites en su propio barrio, sin que tengan que desplazarse hasta el Ayuntamiento\u201d.<\/p>  <p>Los ciudadanos que necesiten realizar alg\u00fan tipo de tr\u00e1mite pueden encontrar estas dependencias municipales en las siguientes direcciones, seg\u00fan el barrio: La Cala, en calle Secretario Juan Antonio Baldov\u00ed, 2; Rinc\u00f3n de Loix, en la avenida de Juan Fuster Zaragoza, 1; Els Tolls-Salt de l\u2019Aig\u00fca, avenida de Andaluc\u00eda, 9; Alfredo Corral-Maravall-Plaza de Espa\u00f1a, en la calle Maravall, 33; y Foietes-Colonia Madrid, que recientemente ha cambiado de ubicaci\u00f3n, ahora se encuentra situada en la avenida de Beniard\u00e1, 12.<\/p> ","protected":false},"excerpt":{"rendered":"<p>El Ayuntamiento atribuye el descenso en solo un a\u00f1o de 66.000 a 33.700 tr\u00e1mites y atenciones a la utilizaci\u00f3n, cada vez m\u00e1s frecuente, de la Sede Electr\u00f3nica<\/p>\n","protected":false},"author":0,"featured_media":21922,"comment_status":"","ping_status":"open","sticky":false,"template":"","format":"standard","meta":{"_acf_changed":false,"footnotes":""},"categories":[1],"tags":[],"class_list":["post-21921","post","type-post","status-publish","format-standard","has-post-thumbnail","hentry","category-sin-categoria"],"acf":{"ser_id":"3KP5J4AOBVEYLOZJNMFSAWI4LA","ser_url":"https:\/\/cadenaser.com\/comunitat-valenciana\/2026\/01\/28\/las-extensiones-administrativas-de-benidorm-hicieron-la-mitad-de-servicios-en-2025-radio-benidorm\/"},"_links":{"self":[{"href":"https:\/\/serbenidorm.daliisolutions.com\/index.php\/wp-json\/wp\/v2\/posts\/21921","targetHints":{"allow":["GET"]}}],"collection":[{"href":"https:\/\/serbenidorm.daliisolutions.com\/index.php\/wp-json\/wp\/v2\/posts"}],"about":[{"href":"https:\/\/serbenidorm.daliisolutions.com\/index.php\/wp-json\/wp\/v2\/types\/post"}],"replies":[{"embeddable":true,"href":"https:\/\/serbenidorm.daliisolutions.com\/index.php\/wp-json\/wp\/v2\/comments?post=21921"}],"version-history":[{"count":0,"href":"https:\/\/serbenidorm.daliisolutions.com\/index.php\/wp-json\/wp\/v2\/posts\/21921\/revisions"}],"wp:featuredmedia":[{"embeddable":true,"href":"https:\/\/serbenidorm.daliisolutions.com\/index.php\/wp-json\/wp\/v2\/media\/21922"}],"wp:attachment":[{"href":"https:\/\/serbenidorm.daliisolutions.com\/index.php\/wp-json\/wp\/v2\/media?parent=21921"}],"wp:term":[{"taxonomy":"category","embeddable":true,"href":"https:\/\/serbenidorm.daliisolutions.com\/index.php\/wp-json\/wp\/v2\/categories?post=21921"},{"taxonomy":"post_tag","embeddable":true,"href":"https:\/\/serbenidorm.daliisolutions.com\/index.php\/wp-json\/wp\/v2\/tags?post=21921"}],"curies":[{"name":"wp","href":"https:\/\/api.w.org\/{rel}","templated":true}]}}