{"id":21930,"date":"2026-01-28T17:12:51","date_gmt":"2026-01-28T16:12:51","guid":{"rendered":"https:\/\/serbenidorm.daliisolutions.com\/index.php\/2026\/01\/28\/hector-alvarez-roza-su-primer-triunfo-profesional-en-calvia\/"},"modified":"2026-01-28T17:12:51","modified_gmt":"2026-01-28T16:12:51","slug":"hector-alvarez-roza-su-primer-triunfo-profesional-en-calvia","status":"publish","type":"post","link":"https:\/\/serbenidorm.daliisolutions.com\/index.php\/2026\/01\/28\/hector-alvarez-roza-su-primer-triunfo-profesional-en-calvia\/","title":{"rendered":"H\u00e9ctor \u00c1lvarez roza su primer triunfo profesional en Calvi\u00e0"},"content":{"rendered":" <p>Tras una temporada de debut de lo m\u00e1s ilusionante, el alfasino H\u00e9ctor \u00c1lvarez ha iniciado su segunda campa\u00f1a como ciclista profesional ah\u00ed donde lo dej\u00f3: confirm\u00e1ndose como una de las grandes figuras emergentes del pelot\u00f3n espa\u00f1ol. Este mi\u00e9rcoles, en la que ha sido su tercera aparici\u00f3n del presente curso tras la Ruta de la Cer\u00e1mica (9\u00ba) y la Cl\u00e0ssica Comunitat Valenciana (donde no cogi\u00f3 el corte bueno); el corredor de Lidl-Trek (hoy formando parte de la selecci\u00f3n espa\u00f1ola) se ha alzado con la segunda posici\u00f3n en el Torfeo Calvi\u00e0, primera cita de la Challenge de Mallorca.<\/p>  <p>Georg Steinhauser (EF Education-EasyPost), Adrien Boichis (Red Bull-Bora) y \u00c5dne Holter (Uno-X Mobility) fueron los primeros animadores de la prueba balear protagonizando una fuga que oblig\u00f3 al pelot\u00f3n a un gran esfuerzo que, sin embargo, no fue suficiente para mantener las cosas controladas.<\/p>  <p>Pese a que la diferencia apenas rondaba los dos minutos, el portugu\u00e9s Ant\u00f3nio Morgado (UAE-Team Emirates) decidi\u00f3 probar suerte a falta de poco m\u00e1s de 30 kil\u00f3metros para el final saltando del pelot\u00f3n tratando de enlazar con el tr\u00edo de cabeza.<\/p>  <p>Muy atento, H\u00e9ctor \u00c1lvarez (Espa\u00f1a) salt\u00f3 a rueda del luso y con un buen trabajo conjunto lograron dar caza a la cabeza de carrera con 17 kil\u00f3metros todav\u00eda por delante. El de l\u2019Alf\u00e0s del Pi vio entonces su oportunidad y decidi\u00f3 probar suerte con un fort\u00edsimo cambio de ritmo al que s\u00f3lo pudo responder Morgado formando desde entonces la dupla que acabar\u00eda jug\u00e1ndose la victoria en la meta de Palmanova.<\/p>  <p>Ya en el sprint final, Morgado super\u00f3 a un H\u00e9ctor \u00c1lvarez que se qued\u00f3 con la miel en los labios con una segunda plaza que se convierte en su mejor resultado como profesional.<\/p> ","protected":false},"excerpt":{"rendered":"<p>S\u00f3lo Ant\u00f3nio Morgado pudo con el alfasino en la l\u00ednea de meta<\/p>\n","protected":false},"author":0,"featured_media":21931,"comment_status":"","ping_status":"open","sticky":false,"template":"","format":"standard","meta":{"_acf_changed":false,"footnotes":""},"categories":[16],"tags":[],"class_list":["post-21930","post","type-post","status-publish","format-standard","has-post-thumbnail","hentry","category-deportes"],"acf":{"ser_id":"YB4AC3MBYZEENHXSFV5VRWUX2A","ser_url":"https:\/\/cadenaser.com\/comunitat-valenciana\/2026\/01\/28\/hector-alvarez-roza-su-primer-triunfo-profesional-en-calvia-radio-benidorm\/"},"_links":{"self":[{"href":"https:\/\/serbenidorm.daliisolutions.com\/index.php\/wp-json\/wp\/v2\/posts\/21930","targetHints":{"allow":["GET"]}}],"collection":[{"href":"https:\/\/serbenidorm.daliisolutions.com\/index.php\/wp-json\/wp\/v2\/posts"}],"about":[{"href":"https:\/\/serbenidorm.daliisolutions.com\/index.php\/wp-json\/wp\/v2\/types\/post"}],"replies":[{"embeddable":true,"href":"https:\/\/serbenidorm.daliisolutions.com\/index.php\/wp-json\/wp\/v2\/comments?post=21930"}],"version-history":[{"count":0,"href":"https:\/\/serbenidorm.daliisolutions.com\/index.php\/wp-json\/wp\/v2\/posts\/21930\/revisions"}],"wp:featuredmedia":[{"embeddable":true,"href":"https:\/\/serbenidorm.daliisolutions.com\/index.php\/wp-json\/wp\/v2\/media\/21931"}],"wp:attachment":[{"href":"https:\/\/serbenidorm.daliisolutions.com\/index.php\/wp-json\/wp\/v2\/media?parent=21930"}],"wp:term":[{"taxonomy":"category","embeddable":true,"href":"https:\/\/serbenidorm.daliisolutions.com\/index.php\/wp-json\/wp\/v2\/categories?post=21930"},{"taxonomy":"post_tag","embeddable":true,"href":"https:\/\/serbenidorm.daliisolutions.com\/index.php\/wp-json\/wp\/v2\/tags?post=21930"}],"curies":[{"name":"wp","href":"https:\/\/api.w.org\/{rel}","templated":true}]}}