{"id":21938,"date":"2026-01-28T20:15:31","date_gmt":"2026-01-28T19:15:31","guid":{"rendered":"https:\/\/serbenidorm.daliisolutions.com\/index.php\/2026\/01\/28\/benidorm-pide-55-millones-a-hacienda-para-poder-empezar-a-pagar-los-350-millones-de-serra-gelada\/"},"modified":"2026-01-28T20:15:31","modified_gmt":"2026-01-28T19:15:31","slug":"benidorm-pide-55-millones-a-hacienda-para-poder-empezar-a-pagar-los-350-millones-de-serra-gelada","status":"publish","type":"post","link":"https:\/\/serbenidorm.daliisolutions.com\/index.php\/2026\/01\/28\/benidorm-pide-55-millones-a-hacienda-para-poder-empezar-a-pagar-los-350-millones-de-serra-gelada\/","title":{"rendered":"Benidorm pide 55 millones a Hacienda para poder empezar a pagar los 350 millones de Serra Gelada"},"content":{"rendered":" <p>El Ayuntamiento de Benidorm da su primer paso despu\u00e9s de que la familia Murcia Puchades pidiera la ejecuci\u00f3n de sentencia y ha solicitado adherirse al Fondo de Impulso Econ\u00f3mico para atender parte de la indemnizaci\u00f3n reconocida por el Tribunal Superior de Justicia de la Comunitat Valenciana (TSJ) a los propietarios de suelo del APR-7 Serra Gelada. <\/p>  <p>El alcalde, Toni P\u00e9rez, ha informado este mi\u00e9rcoles por la tarde a la Junta de Portavoces de esta medida propuesta por los t\u00e9cnicos municipales en un informe del \u00e1rea Econ\u00f3mica y que se acaba de materializar, seg\u00fan ha informado el consistorio de la capital tur\u00edstica en un comunicado. <\/p>  <p>Tal y como se ha explicado durante la Junta de Portavoces, la solicitud se ha cursado a trav\u00e9s de decreto de Alcald\u00eda a \u00faltima hora de la ma\u00f1ana, una vez completado el expediente y siendo hoy el \u00faltimo d\u00eda de plazo para acogerse a este mecanismo de financiaci\u00f3n. <\/p>  <p>El Ayuntamiento solicita 55 millones de euros con cargo a ese Fondo; <a href=\"https:\/\/cadenaser.com\/tag\/benidorm\/a\/\" target=\"_blank\" rel=\"nofollow\" title=\"https:\/\/cadenaser.com\/tag\/benidorm\/a\/\">dinero que ha de reintegrarse al Estado en un plazo m\u00e1ximo de 12 a\u00f1os y con un inter\u00e9s de en torno al 3,5%<\/a>. La cuant\u00eda a solicitar la han establecido los propios t\u00e9cnicos del \u00e1rea Econ\u00f3mica, explica ese mismo comunicado, en atenci\u00f3n a las condiciones del propio fondo, tanto en lo relativo al plazo como a los intereses.<\/p>  <p>En caso de estimarse por parte del Ministerio de Hacienda la solicitud trasladada por el consistorio benidormense, el pleno deber\u00e1 aprobar el calendario de amortizaci\u00f3n de esos 55 millones de euros. <\/p>  <p>En concreto, el Fondo de Impulso Econ\u00f3mico est\u00e1 gestionado por el Ministerio de Hacienda y regulado en el Real Decreto-ley 17\/2014, de 26 de diciembre, de medidas de sostenibilidad financiera de la comunidades aut\u00f3nomas y entidades locales.<\/p>  <p>\u00abTanto los t\u00e9cnicos jur\u00eddicos como econ\u00f3micos municipales siguen trabajando para establecer cu\u00e1les han de ser los pr\u00f3ximos pasos del Ayuntamiento en relaci\u00f3n a este asunto; informaci\u00f3n que, como hasta ahora, ser\u00e1 comunicada con total transparencia e inmediatez a los grupos pol\u00edticos de la Corporaci\u00f3n y a la ciudadan\u00eda\u00bb, culmina el comunicado: \u00abEn este sentido, recordar que, al margen de los aspectos econ\u00f3micos de la sentencia indemnizatoria, los t\u00e9cnicos municipales siguen trabajando en el estudio pormenorizado de la reciente Sentencia del Tribunal Superior de Justicia de la Comunidad Valenciana relativa a la nulidad de los convenios urban\u00edsticos que han dado lugar a la indemnizaci\u00f3n millonaria a favor de los propietarios del suelo, as\u00ed como de la viabilidad jur\u00eddica y conveniencia al inter\u00e9s p\u00fablico de la interposici\u00f3n del correspondiente Recurso de casaci\u00f3n ante el Tribunal Supremo frente a la misma\u00bb.<\/p> ","protected":false},"excerpt":{"rendered":"<p>El Ayuntamiento solicita adherirse al Fondo de Impulso Econ\u00f3mico para atender parte de la indemnizaci\u00f3n del APR-7 y sigue buscando alternativas para cubrir el resto<\/p>\n","protected":false},"author":0,"featured_media":21939,"comment_status":"","ping_status":"open","sticky":false,"template":"","format":"standard","meta":{"_acf_changed":false,"footnotes":""},"categories":[1],"tags":[],"class_list":["post-21938","post","type-post","status-publish","format-standard","has-post-thumbnail","hentry","category-sin-categoria"],"acf":{"ser_id":"FSYLXKIQKRHGJG5GEP57KIVURI","ser_url":"https:\/\/cadenaser.com\/comunitat-valenciana\/2026\/01\/28\/benidorm-pide-55-millones-a-hacienda-y-sigue-buscando-alternativas-para-poder-pagar-los-350-millones-de-serra-gelada-radio-benidorm\/"},"_links":{"self":[{"href":"https:\/\/serbenidorm.daliisolutions.com\/index.php\/wp-json\/wp\/v2\/posts\/21938","targetHints":{"allow":["GET"]}}],"collection":[{"href":"https:\/\/serbenidorm.daliisolutions.com\/index.php\/wp-json\/wp\/v2\/posts"}],"about":[{"href":"https:\/\/serbenidorm.daliisolutions.com\/index.php\/wp-json\/wp\/v2\/types\/post"}],"replies":[{"embeddable":true,"href":"https:\/\/serbenidorm.daliisolutions.com\/index.php\/wp-json\/wp\/v2\/comments?post=21938"}],"version-history":[{"count":0,"href":"https:\/\/serbenidorm.daliisolutions.com\/index.php\/wp-json\/wp\/v2\/posts\/21938\/revisions"}],"wp:featuredmedia":[{"embeddable":true,"href":"https:\/\/serbenidorm.daliisolutions.com\/index.php\/wp-json\/wp\/v2\/media\/21939"}],"wp:attachment":[{"href":"https:\/\/serbenidorm.daliisolutions.com\/index.php\/wp-json\/wp\/v2\/media?parent=21938"}],"wp:term":[{"taxonomy":"category","embeddable":true,"href":"https:\/\/serbenidorm.daliisolutions.com\/index.php\/wp-json\/wp\/v2\/categories?post=21938"},{"taxonomy":"post_tag","embeddable":true,"href":"https:\/\/serbenidorm.daliisolutions.com\/index.php\/wp-json\/wp\/v2\/tags?post=21938"}],"curies":[{"name":"wp","href":"https:\/\/api.w.org\/{rel}","templated":true}]}}