{"id":2194,"date":"2024-02-09T07:08:05","date_gmt":"2024-02-09T06:08:05","guid":{"rendered":"https:\/\/serbenidorm.daliisolutions.com\/index.php\/2024\/02\/09\/el-tm-benidorm-afronta-el-gran-examen-de-ademar-de-leon\/"},"modified":"2024-02-09T07:08:05","modified_gmt":"2024-02-09T06:08:05","slug":"el-tm-benidorm-afronta-el-gran-examen-de-ademar-de-leon","status":"publish","type":"post","link":"https:\/\/serbenidorm.daliisolutions.com\/index.php\/2024\/02\/09\/el-tm-benidorm-afronta-el-gran-examen-de-ademar-de-leon\/","title":{"rendered":"El TM Benidorm afronta el gran examen de Ademar de Le\u00f3n"},"content":{"rendered":"  <p>Benidorm<\/p>   <p>Tras el empate a 26 cosechado en el partido de la primera vuelta disputado en la <a href=\"https:\/\/cadenaser.com\/tag\/liga_asobal\/a\/\" target=\"_blank\" rel=\"noopener\">Liga Asobal<\/a> y haber protagonizado una temporada muy pareja, el <a href=\"https:\/\/cadenaser.com\/tag\/club_balonmano_benidorm\/a\/\" target=\"_blank\" rel=\"noopener\">TM Benidorm<\/a> y Ademar de Le\u00f3n llegan a esta 17\u00aa jornada de competici\u00f3n con los mismos 16 puntos compartiendo la octava posici\u00f3n, por lo que el choque que protagonizar\u00e1n ambos equipos este s\u00e1bado (20:00 hrs) en la capital leonesa deber\u00eda servir para deshacer ese \u2018empate a todo\u2019 y poner a alguno de los dos equipos destacado por delante.<\/p>  <p><p>M\u00e1s informaci\u00f3n<\/p><figure><img decoding=\"async\" src=\"https:\/\/cadenaser.com\/resizer\/OS144IZPRhT_s13u54SYOeWNhqs=\/650x366\/filters:quality(70)\/cloudfront-eu-central-1.images.arcpublishing.com\/prisaradio\/64DZRXCNPBHBHPVBMCRLYHWV2Q.jpg\" loading=\"lazy\" width=\"828\" height=\"621\" \/><\/figure><ul><li><a href=\"https:\/\/cadenaser.com\/comunitat-valenciana\/2024\/02\/08\/juan-carlos-sempere-renueva-hasta-2026-con-el-tm-benidorm-radio-benidorm\/\">Juan Carlos Sempere renueva hasta 2026 con el TM Benidorm<\/a><\/li><\/ul><\/p>   <p>Los partidos entre benidormenses y leoneses siempre son duelos muy igualados, por lo que el choque de este fin de semana promete, una vez m\u00e1s, ser uno de los m\u00e1s atractivos de la jornada.<\/p>   <p>El equipo de Sergio Carballeira llega a este choque despu\u00e9s de <a href=\"https:\/\/cadenaser.com\/comunitat-valenciana\/2024\/02\/05\/el-tm-benidorm-sufre-para-imponerse-al-blendio-sinfin-radio-benidorm\/\" target=\"_blank\" rel=\"noopener\">haber visto peligrar seriamente su victoria del pasado domingo ante el colista, el Blendio Sinf\u00edn<\/a>, tras un final de partido que contrast\u00f3 enormemente con el buen choque realizado en los primeros 55 minutos del mismo.<\/p>   <p>Por ello, el examen ante el Ademar de Le\u00f3n ser\u00e1 doble. En primer lugar, como ya se ha comentado, servir\u00e1 para tratar de poner tierra de por medio respecto a un rival directo y, por otro, para consolidar la buena imagen general dada en la cancha de Agustinos y confirmar que esos instantes finales ante los c\u00e1ntabros no fueron m\u00e1s que un bache pasajero.<\/p> ","protected":false},"excerpt":{"rendered":"<p>Los dos equipos llegan a su enfrentamiento empatados a todo<\/p>\n","protected":false},"author":0,"featured_media":2195,"comment_status":"open","ping_status":"open","sticky":false,"template":"","format":"standard","meta":{"_acf_changed":false,"footnotes":""},"categories":[16],"tags":[],"class_list":["post-2194","post","type-post","status-publish","format-standard","has-post-thumbnail","hentry","category-deportes"],"acf":{"ser_id":"AMAWNKOMKFB7ZLDB3LHB4DDZEA","ser_url":"https:\/\/cadenaser.com\/comunitat-valenciana\/2024\/02\/09\/el-tm-benidorm-afronta-el-gran-examen-de-ademar-de-leon-radio-benidorm\/"},"_links":{"self":[{"href":"https:\/\/serbenidorm.daliisolutions.com\/index.php\/wp-json\/wp\/v2\/posts\/2194","targetHints":{"allow":["GET"]}}],"collection":[{"href":"https:\/\/serbenidorm.daliisolutions.com\/index.php\/wp-json\/wp\/v2\/posts"}],"about":[{"href":"https:\/\/serbenidorm.daliisolutions.com\/index.php\/wp-json\/wp\/v2\/types\/post"}],"replies":[{"embeddable":true,"href":"https:\/\/serbenidorm.daliisolutions.com\/index.php\/wp-json\/wp\/v2\/comments?post=2194"}],"version-history":[{"count":0,"href":"https:\/\/serbenidorm.daliisolutions.com\/index.php\/wp-json\/wp\/v2\/posts\/2194\/revisions"}],"wp:featuredmedia":[{"embeddable":true,"href":"https:\/\/serbenidorm.daliisolutions.com\/index.php\/wp-json\/wp\/v2\/media\/2195"}],"wp:attachment":[{"href":"https:\/\/serbenidorm.daliisolutions.com\/index.php\/wp-json\/wp\/v2\/media?parent=2194"}],"wp:term":[{"taxonomy":"category","embeddable":true,"href":"https:\/\/serbenidorm.daliisolutions.com\/index.php\/wp-json\/wp\/v2\/categories?post=2194"},{"taxonomy":"post_tag","embeddable":true,"href":"https:\/\/serbenidorm.daliisolutions.com\/index.php\/wp-json\/wp\/v2\/tags?post=2194"}],"curies":[{"name":"wp","href":"https:\/\/api.w.org\/{rel}","templated":true}]}}