{"id":21949,"date":"2026-01-29T14:53:00","date_gmt":"2026-01-29T13:53:00","guid":{"rendered":"https:\/\/serbenidorm.daliisolutions.com\/index.php\/2026\/01\/29\/benidorm-prepara-el-calendario-de-pagos-de-serra-gelada-habran-infinitas-posibilidades-nuestra-voluntad-es-no-subir-ningun-impuesto\/"},"modified":"2026-01-29T14:53:00","modified_gmt":"2026-01-29T13:53:00","slug":"benidorm-prepara-el-calendario-de-pagos-de-serra-gelada-habran-infinitas-posibilidades-nuestra-voluntad-es-no-subir-ningun-impuesto","status":"publish","type":"post","link":"https:\/\/serbenidorm.daliisolutions.com\/index.php\/2026\/01\/29\/benidorm-prepara-el-calendario-de-pagos-de-serra-gelada-habran-infinitas-posibilidades-nuestra-voluntad-es-no-subir-ningun-impuesto\/","title":{"rendered":"Benidorm prepara el calendario de pagos de Serra Gelada: \u00abHabr\u00e1n infinitas posibilidades, nuestra voluntad es no subir ning\u00fan impuesto\u00bb"},"content":{"rendered":" <p>El Ayuntamiento de Benidorm ha solicitado un pr\u00e9stamo de 55 millones de euros al Fondo de Impulso Econ\u00f3mico del Ministerio de Hacienda para afrontar el pago de la indemnizaci\u00f3n de 350 millones de euros derivada del APR-7 de la Serra Gelada. El alcalde, Toni P\u00e9rez, ha explicado este jueves en rueda de prensa que los t\u00e9cnicos jur\u00eddicos y econ\u00f3micos est\u00e1n estudiando, en paralelo, la propuesta del calendario de pagos que se va a trasladar a la justicia.<\/p>  <p>P\u00e9rez ha subrayado en varias ocasiones que la elecci\u00f3n de este fondo responde a la situaci\u00f3n financiera municipal ya que \u201clos ayuntamientos con sus cuentas saneadas s\u00f3lo pueden acudir al Fondo de Impulso Econ\u00f3mico\u201d, frente al Fondo de Ordenaci\u00f3n, \u201cal que ir\u00edamos de cabeza si tuvi\u00e9ramos la deuda de 95 millones de euros que nos encontramos en 2015 cuando asumimos la alcald\u00eda\u201d. <\/p>  <p>Tambi\u00e9n ha aclarado que \u201clo que se ha hecho es solicitar ese pr\u00e9stamos\u201d, y que ser\u00e1 el Ministerio quien resuelva y \u201cser\u00e1 el pleno municipal el que decida en \u00faltima instancia si nos acogemos a \u00e9l o no\u201d.<\/p>  <p><a href=\"https:\/\/cadenaser.com\/tag\/benidorm\/a\/\" target=\"_blank\" rel=\"nofollow\" title=\"https:\/\/cadenaser.com\/tag\/benidorm\/a\/\">P\u00e9rez tampoco ha cerrado la puerta por completo a una posible subida de impuestos asegurando, eso s\u00ed, que \u201cno es nuestra voluntad ni nuestra intenci\u00f3n\u201d implementarla aunque, de nuevo, ha descargado en los informes t\u00e9cnicos cualquier decisi\u00f3n futura<\/a>.<\/p>  <p>El Grupo Municipal Socialista ha calificado de \u201cimprovisaci\u00f3n\u201d la decisi\u00f3n de solicitar \u201cen el \u00faltimo minuto\u201d la adhesi\u00f3n al Fondo de Impulso Econ\u00f3mico. La portavoz del PSOE, Cristina Escoda, ha lamentado tomar esta decisi\u00f3n tras estar casi un a\u00f1o \u201csin hacer nada y negando la gravedad real de una condena que hipoteca el futuro del municipio\u201d.<\/p>  <p>Desde las filas socialistas han subrayado que los 55 millones de euros solicitados son \u201cclaramente insuficientes\u201d para atender la indemnizaci\u00f3n y que, adem\u00e1s, \u201cpagaremos unos intereses bastante altos\u201d. <\/p>  <p>\u201cEstamos ante un pr\u00e9stamo que nos va a costar a todos los benidormenses casi 13 millones de euros adicionales solo en intereses. Es el precio de la soberbia de un alcalde que prefiri\u00f3 negar la realidad y no hacer los deberes en su momento\u201d, ha insistido Escoda.<\/p> ","protected":false},"excerpt":{"rendered":"<p>El alcalde comparece tras pedir 55 millones a Hacienda y el PSOE critica su \u00abimprovisaci\u00f3n\u00bb para afrontar la condena de 350 millones<\/p>\n","protected":false},"author":0,"featured_media":21950,"comment_status":"","ping_status":"open","sticky":false,"template":"","format":"standard","meta":{"_acf_changed":false,"footnotes":""},"categories":[1],"tags":[],"class_list":["post-21949","post","type-post","status-publish","format-standard","has-post-thumbnail","hentry","category-sin-categoria"],"acf":{"ser_id":"B6RHJ3F4E5B43KZWVNH6KZWTRY","ser_url":"https:\/\/cadenaser.com\/comunitat-valenciana\/2026\/01\/29\/benidorm-prepara-el-calendario-de-pagos-de-serra-gelada-habran-infinitas-posibilidades-nuestra-voluntad-es-no-subir-ningun-impuesto-radio-benidorm\/"},"_links":{"self":[{"href":"https:\/\/serbenidorm.daliisolutions.com\/index.php\/wp-json\/wp\/v2\/posts\/21949","targetHints":{"allow":["GET"]}}],"collection":[{"href":"https:\/\/serbenidorm.daliisolutions.com\/index.php\/wp-json\/wp\/v2\/posts"}],"about":[{"href":"https:\/\/serbenidorm.daliisolutions.com\/index.php\/wp-json\/wp\/v2\/types\/post"}],"replies":[{"embeddable":true,"href":"https:\/\/serbenidorm.daliisolutions.com\/index.php\/wp-json\/wp\/v2\/comments?post=21949"}],"version-history":[{"count":0,"href":"https:\/\/serbenidorm.daliisolutions.com\/index.php\/wp-json\/wp\/v2\/posts\/21949\/revisions"}],"wp:featuredmedia":[{"embeddable":true,"href":"https:\/\/serbenidorm.daliisolutions.com\/index.php\/wp-json\/wp\/v2\/media\/21950"}],"wp:attachment":[{"href":"https:\/\/serbenidorm.daliisolutions.com\/index.php\/wp-json\/wp\/v2\/media?parent=21949"}],"wp:term":[{"taxonomy":"category","embeddable":true,"href":"https:\/\/serbenidorm.daliisolutions.com\/index.php\/wp-json\/wp\/v2\/categories?post=21949"},{"taxonomy":"post_tag","embeddable":true,"href":"https:\/\/serbenidorm.daliisolutions.com\/index.php\/wp-json\/wp\/v2\/tags?post=21949"}],"curies":[{"name":"wp","href":"https:\/\/api.w.org\/{rel}","templated":true}]}}