{"id":21953,"date":"2026-01-29T14:53:01","date_gmt":"2026-01-29T13:53:01","guid":{"rendered":"https:\/\/serbenidorm.daliisolutions.com\/index.php\/2026\/01\/29\/la-nucia-reune-a-180-deportistas-en-dos-autonomicos-de-artes-marciales\/"},"modified":"2026-01-29T14:53:01","modified_gmt":"2026-01-29T13:53:01","slug":"la-nucia-reune-a-180-deportistas-en-dos-autonomicos-de-artes-marciales","status":"publish","type":"post","link":"https:\/\/serbenidorm.daliisolutions.com\/index.php\/2026\/01\/29\/la-nucia-reune-a-180-deportistas-en-dos-autonomicos-de-artes-marciales\/","title":{"rendered":"La Nuc\u00eda re\u00fane a 180 deportistas en dos auton\u00f3micos de artes marciales"},"content":{"rendered":" <p>La Nuc\u00eda vuelve a consolidarse como uno de los grandes referentes deportivos de la provincia de Alicante y de la Comunitat Valenciana con la celebraci\u00f3n, este fin de semana, de dos importantes campeonatos auton\u00f3micos de artes marciales. El Pabell\u00f3n Muixara ser\u00e1 el escenario del Campeonato Auton\u00f3mico de Kickboxing, el s\u00e1bado, y del Campeonato Auton\u00f3mico de Muay Thai, el domingo, pruebas que reunir\u00e1n a un total de 180 deportistas procedentes de diferentes puntos del territorio auton\u00f3mico.<\/p>  <p>Bajo el lema \u2018La Nuc\u00eda, Ciudad del Deporte\u2019, el municipio acoger\u00e1 estas competiciones oficiales que son, adem\u00e1s, clasificatorias para los Campeonatos de Espa\u00f1a que se disputar\u00e1n el pr\u00f3ximo mes de abril. La entrada para el p\u00fablico ser\u00e1 gratuita durante ambas jornadas, facilitando as\u00ed la asistencia de aficionados y vecinos que quieran disfrutar de un intenso fin de semana de deporte de contacto de primer nivel.<\/p>  <p>Los Campeonatos Auton\u00f3micos de Kickboxing y Muay Thai 2026 est\u00e1n organizados por la Federaci\u00f3n de Kickboxing, Muaythai y Disciplinas Asociadas (FEKM), junto a WAKO e IFMA, y cuentan con la colaboraci\u00f3n de la Generalitat Valenciana, a trav\u00e9s de Comunitat Valenciana &#8211; Comunitat de l\u2019Esport, la Diputaci\u00f3n de Alicante y el Ayuntamiento de La Nuc\u00eda.<\/p>  <p>La primera cita tendr\u00e1 lugar el s\u00e1bado 31 de enero con la celebraci\u00f3n del Campeonato Auton\u00f3mico de Kickboxing. La competici\u00f3n se desarrollar\u00e1 en horario de ma\u00f1ana, de 10 a 14 horas, y continuar\u00e1 por la tarde desde las 15:30 horas hasta la finalizaci\u00f3n de los combates. Durante toda la jornada, el Pabell\u00f3n Muixara acoger\u00e1 enfrentamientos tanto en categor\u00eda masculina como femenina.<\/p>  <p>Las modalidades de combate que se disputar\u00e1n en este auton\u00f3mico ser\u00e1n Full Contact, Low Kick y K1, abarcando todas las categor\u00edas oficiales seg\u00fan pesos y normativa federativa. La participaci\u00f3n de deportistas de diferentes clubes de la Comunitat Valenciana garantiza un alto nivel competitivo en una cita clave del calendario auton\u00f3mico.<\/p>  <p>El domingo 1 de febrero ser\u00e1 el turno del Campeonato Auton\u00f3mico de Muay Thai, que se celebrar\u00e1 tambi\u00e9n en el Pabell\u00f3n Muixara, en horario de 10 a 14 horas. Esta jornada contar\u00e1 con un aliciente especial para el p\u00fablico local, ya que participar\u00e1 la luchadora nuciera Mar\u00eda Garc\u00eda Cano, una de las deportistas con mayor proyecci\u00f3n del municipio.<\/p>  <p>Mar\u00eda Garc\u00eda Cano competir\u00e1 en la categor\u00eda femenina de -51 kilos con el objetivo de lograr la clasificaci\u00f3n para el Campeonato de Espa\u00f1a del pr\u00f3ximo mes de abril. La deportista es alumna de la Escuela de Muay Thai de La Nuc\u00eda, dirigida por la reconocida Eva Mar\u00eda Naranjo, pentacampeona mundial de artes marciales y una figura de referencia en este deporte a nivel internacional.<\/p>  <p>La presencia de deportistas locales en campeonatos auton\u00f3micos refuerza, seg\u00fan el Ayuntamiento, la apuesta municipal por el deporte base y de alto nivel, as\u00ed como por la promoci\u00f3n de disciplinas menos convencionales pero con un notable crecimiento en los \u00faltimos a\u00f1os.<\/p>  <p>Estos Campeonatos Auton\u00f3micos de Kickboxing y Muay Thai 2026 son, adem\u00e1s, la antesala de una cita a\u00fan mayor. Los Campeonatos de Espa\u00f1a de ambas disciplinas se celebrar\u00e1n tambi\u00e9n en La Nuc\u00eda, del 23 al 26 de abril, consolidando al municipio como sede habitual de grandes eventos deportivos nacionales.<\/p>  <p>Estos nacionales fueron presentados recientemente en FITUR, dentro del acto de presentaci\u00f3n de los \u201cEventos Deportivos 2026\u201d de La Nuc\u00eda, donde se puso en valor la capacidad organizativa del municipio y la calidad de sus instalaciones deportivas.<\/p> ","protected":false},"excerpt":{"rendered":"<p>El Pabell\u00f3n Muixara acoge este fin de semana los Campeonatos Auton\u00f3micos de Kickboxing y Muay Thai con entrada gratuita<\/p>\n","protected":false},"author":0,"featured_media":21954,"comment_status":"","ping_status":"open","sticky":false,"template":"","format":"standard","meta":{"_acf_changed":false,"footnotes":""},"categories":[16],"tags":[],"class_list":["post-21953","post","type-post","status-publish","format-standard","has-post-thumbnail","hentry","category-deportes"],"acf":{"ser_id":"7FOPOL7G2BA2XCHIY44HNC42NE","ser_url":"https:\/\/cadenaser.com\/comunitat-valenciana\/2026\/01\/29\/la-nucia-reune-a-180-deportistas-en-dos-autonomicos-de-artes-marciales-radio-benidorm\/"},"_links":{"self":[{"href":"https:\/\/serbenidorm.daliisolutions.com\/index.php\/wp-json\/wp\/v2\/posts\/21953","targetHints":{"allow":["GET"]}}],"collection":[{"href":"https:\/\/serbenidorm.daliisolutions.com\/index.php\/wp-json\/wp\/v2\/posts"}],"about":[{"href":"https:\/\/serbenidorm.daliisolutions.com\/index.php\/wp-json\/wp\/v2\/types\/post"}],"replies":[{"embeddable":true,"href":"https:\/\/serbenidorm.daliisolutions.com\/index.php\/wp-json\/wp\/v2\/comments?post=21953"}],"version-history":[{"count":0,"href":"https:\/\/serbenidorm.daliisolutions.com\/index.php\/wp-json\/wp\/v2\/posts\/21953\/revisions"}],"wp:featuredmedia":[{"embeddable":true,"href":"https:\/\/serbenidorm.daliisolutions.com\/index.php\/wp-json\/wp\/v2\/media\/21954"}],"wp:attachment":[{"href":"https:\/\/serbenidorm.daliisolutions.com\/index.php\/wp-json\/wp\/v2\/media?parent=21953"}],"wp:term":[{"taxonomy":"category","embeddable":true,"href":"https:\/\/serbenidorm.daliisolutions.com\/index.php\/wp-json\/wp\/v2\/categories?post=21953"},{"taxonomy":"post_tag","embeddable":true,"href":"https:\/\/serbenidorm.daliisolutions.com\/index.php\/wp-json\/wp\/v2\/tags?post=21953"}],"curies":[{"name":"wp","href":"https:\/\/api.w.org\/{rel}","templated":true}]}}