{"id":21955,"date":"2026-01-29T14:53:04","date_gmt":"2026-01-29T13:53:04","guid":{"rendered":"https:\/\/serbenidorm.daliisolutions.com\/index.php\/2026\/01\/29\/el-balonmano-servigroup-benidorm-cae-en-un-apretado-derbi-autonomico\/"},"modified":"2026-01-29T14:53:04","modified_gmt":"2026-01-29T13:53:04","slug":"el-balonmano-servigroup-benidorm-cae-en-un-apretado-derbi-autonomico","status":"publish","type":"post","link":"https:\/\/serbenidorm.daliisolutions.com\/index.php\/2026\/01\/29\/el-balonmano-servigroup-benidorm-cae-en-un-apretado-derbi-autonomico\/","title":{"rendered":"El Balonmano Servigroup Benidorm cae en un apretado derbi auton\u00f3mico"},"content":{"rendered":" <p>El Balonmano Servigroup Benidorm cay\u00f3 derrotado en el derbi auton\u00f3mico disputado este mi\u00e9rcoles en la cancha del Puerto Sagunto por 26-23 en un partido aplazado correspondiente a la 14\u00aa jornada de la Divisi\u00f3n de Honor Plata y que med\u00eda a dos rivales muy directos en la pelea por las plazas de ascenso a la liga Asobal.<\/p>  <p>Los benidormenses volvieron a dar una buena imagen en tierras valencianas, liderando el marcador durante buena parte del partido, pero dejando escapar dos puntos que parec\u00edan casi asegurados en los diez minutos finales, en los que imprecisiones y p\u00e9rdidas de bal\u00f3n dieron aire a un Puerto Sagunto que, a la postre, supo sacar el mayor provecho de esas circunstancias.<\/p>  <p>Y todo ello, pese al buen trabajo defensivo de un equipo benidormense que not\u00f3, quiz\u00e1s en exceso, la ausencia de Ferr\u00e1n Prieto; algo que ni la soberbia actuaci\u00f3n de Samuel Ib\u00e1\u00f1ez bajo palos pudo neutralizar por completo.<\/p>  <p>Tras este tropiezo, el Balonmano Servigroup Benidorm cierra una racha de cinco partidos consecutivos sin derrota y se centra ya en la preparaci\u00f3n de su pr\u00f3ximo compromiso liguero, que afrontar\u00e1 el domingo (17:00 horas) ante el M\u00e1laga, un equipo de la zona baja que, eso s\u00ed, fue el verdugo de los de la capital tur\u00edstica en la Copa del Rey.<\/p>  <p>Ese partido se disputar\u00e1 en el Pabell\u00f3n Garganes de Altea debido a la celebraci\u00f3n en el Palau d\u2019Esports l\u2019Illa del Benidorm Fest, cuyo montaje ya se ha iniciado hace varios d\u00edas y que est\u00e1 obligando a \u2018Cuti\u2019 y los suyos a entrenar y competir en la Villa Blanca.<\/p> ","protected":false},"excerpt":{"rendered":"<p>El equipo de Alejandro Cutanda volver\u00e1 a la competici\u00f3n el domingo en el Pabell\u00f3n Garganes de Altea<\/p>\n","protected":false},"author":0,"featured_media":21956,"comment_status":"","ping_status":"open","sticky":false,"template":"","format":"standard","meta":{"_acf_changed":false,"footnotes":""},"categories":[16],"tags":[],"class_list":["post-21955","post","type-post","status-publish","format-standard","has-post-thumbnail","hentry","category-deportes"],"acf":{"ser_id":"V6CEIJUMNJGRHHMQKEXV4Y2QB4","ser_url":"https:\/\/cadenaser.com\/comunitat-valenciana\/2026\/01\/29\/el-balonmano-servigroup-benidorm-cae-en-un-apretado-derbi-autonomico-radio-benidorm\/"},"_links":{"self":[{"href":"https:\/\/serbenidorm.daliisolutions.com\/index.php\/wp-json\/wp\/v2\/posts\/21955","targetHints":{"allow":["GET"]}}],"collection":[{"href":"https:\/\/serbenidorm.daliisolutions.com\/index.php\/wp-json\/wp\/v2\/posts"}],"about":[{"href":"https:\/\/serbenidorm.daliisolutions.com\/index.php\/wp-json\/wp\/v2\/types\/post"}],"replies":[{"embeddable":true,"href":"https:\/\/serbenidorm.daliisolutions.com\/index.php\/wp-json\/wp\/v2\/comments?post=21955"}],"version-history":[{"count":0,"href":"https:\/\/serbenidorm.daliisolutions.com\/index.php\/wp-json\/wp\/v2\/posts\/21955\/revisions"}],"wp:featuredmedia":[{"embeddable":true,"href":"https:\/\/serbenidorm.daliisolutions.com\/index.php\/wp-json\/wp\/v2\/media\/21956"}],"wp:attachment":[{"href":"https:\/\/serbenidorm.daliisolutions.com\/index.php\/wp-json\/wp\/v2\/media?parent=21955"}],"wp:term":[{"taxonomy":"category","embeddable":true,"href":"https:\/\/serbenidorm.daliisolutions.com\/index.php\/wp-json\/wp\/v2\/categories?post=21955"},{"taxonomy":"post_tag","embeddable":true,"href":"https:\/\/serbenidorm.daliisolutions.com\/index.php\/wp-json\/wp\/v2\/tags?post=21955"}],"curies":[{"name":"wp","href":"https:\/\/api.w.org\/{rel}","templated":true}]}}