{"id":21975,"date":"2026-01-29T15:49:12","date_gmt":"2026-01-29T14:49:12","guid":{"rendered":"https:\/\/serbenidorm.daliisolutions.com\/index.php\/2026\/01\/29\/omar-albinana-ocho-anos-una-moto-y-un-sueno-que-va-muy-en-serio\/"},"modified":"2026-01-29T15:49:12","modified_gmt":"2026-01-29T14:49:12","slug":"omar-albinana-ocho-anos-una-moto-y-un-sueno-que-va-muy-en-serio","status":"publish","type":"post","link":"https:\/\/serbenidorm.daliisolutions.com\/index.php\/2026\/01\/29\/omar-albinana-ocho-anos-una-moto-y-un-sueno-que-va-muy-en-serio\/","title":{"rendered":"Omar Albi\u00f1ana: Ocho a\u00f1os, una moto y un sue\u00f1o que va muy en serio"},"content":{"rendered":" <p>Omar Albi\u00f1ana Arroyo tiene solo ocho a\u00f1os, pero habla de las motos con la naturalidad de quien lleva toda una vida encima de los circuitos. Empez\u00f3 con dos a\u00f1os y medio y, desde entonces, no se ha bajado de una moto. En esta entrevista en SER Deportivos Marina Baixa, el joven piloto de l\u2019Alf\u00e0s del Pi repasa sus inicios, su d\u00eda a d\u00eda, sus sue\u00f1os y tambi\u00e9n los miedos \u2014pocos\u2014 que rodean a un deporte tan exigente como el motociclismo.<\/p>  <p>\u201cEn la moto voy r\u00e1pido, pero es cuando m\u00e1s tranquilo me siento\u201d, reconoce en una conversaci\u00f3n tan espont\u00e1nea como sorprendente por la claridad de ideas que transmite a su edad. Omar explica c\u00f3mo memoriza los circuitos en apenas un par de vueltas, por qu\u00e9 prefiere los adelantamientos a los saltos y c\u00f3mo se prepara mentalmente antes de una carrera: \u201cNo pienso en nada, solo quiero mi espacio\u201d.<\/p>  <p>A lo largo de la charla tambi\u00e9n hay espacio para hablar de referentes \u2014Marc y \u00c1lex M\u00e1rquez\u2014, de futuro \u2014el salto a Moto5\u2014 y de seguridad vial, con un mensaje claro: \u201cLas autopistas son muy peligrosas, para correr est\u00e1n los circuitos\u201d. Todo ello con la naturalidad de un ni\u00f1o y la determinaci\u00f3n de alguien que tiene muy claro lo que quiere.<\/p>  <p>Una entrevista que va m\u00e1s all\u00e1 del deporte y que retrata el lado m\u00e1s humano del motociclismo base, el papel imprescindible de las familias y la importancia del entorno para que el talento pueda crecer.<\/p> ","protected":false},"excerpt":{"rendered":"<p>El joven piloto alfasino despunta como una de las grandes promesas del motociclismo<\/p>\n","protected":false},"author":0,"featured_media":21976,"comment_status":"","ping_status":"open","sticky":false,"template":"","format":"standard","meta":{"_acf_changed":false,"footnotes":""},"categories":[16],"tags":[],"class_list":["post-21975","post","type-post","status-publish","format-standard","has-post-thumbnail","hentry","category-deportes"],"acf":{"ser_id":"JNYAR4PV5RG6PH4F74F6KV3QZE","ser_url":"https:\/\/cadenaser.com\/comunitat-valenciana\/2026\/01\/29\/omar-albinana-ocho-anos-una-moto-y-un-sueno-que-va-muy-en-serio-radio-benidorm\/"},"_links":{"self":[{"href":"https:\/\/serbenidorm.daliisolutions.com\/index.php\/wp-json\/wp\/v2\/posts\/21975","targetHints":{"allow":["GET"]}}],"collection":[{"href":"https:\/\/serbenidorm.daliisolutions.com\/index.php\/wp-json\/wp\/v2\/posts"}],"about":[{"href":"https:\/\/serbenidorm.daliisolutions.com\/index.php\/wp-json\/wp\/v2\/types\/post"}],"replies":[{"embeddable":true,"href":"https:\/\/serbenidorm.daliisolutions.com\/index.php\/wp-json\/wp\/v2\/comments?post=21975"}],"version-history":[{"count":0,"href":"https:\/\/serbenidorm.daliisolutions.com\/index.php\/wp-json\/wp\/v2\/posts\/21975\/revisions"}],"wp:featuredmedia":[{"embeddable":true,"href":"https:\/\/serbenidorm.daliisolutions.com\/index.php\/wp-json\/wp\/v2\/media\/21976"}],"wp:attachment":[{"href":"https:\/\/serbenidorm.daliisolutions.com\/index.php\/wp-json\/wp\/v2\/media?parent=21975"}],"wp:term":[{"taxonomy":"category","embeddable":true,"href":"https:\/\/serbenidorm.daliisolutions.com\/index.php\/wp-json\/wp\/v2\/categories?post=21975"},{"taxonomy":"post_tag","embeddable":true,"href":"https:\/\/serbenidorm.daliisolutions.com\/index.php\/wp-json\/wp\/v2\/tags?post=21975"}],"curies":[{"name":"wp","href":"https:\/\/api.w.org\/{rel}","templated":true}]}}