{"id":2198,"date":"2024-02-09T07:08:08","date_gmt":"2024-02-09T06:08:08","guid":{"rendered":"https:\/\/serbenidorm.daliisolutions.com\/index.php\/2024\/02\/09\/felipe-orts-baja-el-telon-con-doble-cita-en-belgica\/"},"modified":"2024-02-09T07:08:08","modified_gmt":"2024-02-09T06:08:08","slug":"felipe-orts-baja-el-telon-con-doble-cita-en-belgica","status":"publish","type":"post","link":"https:\/\/serbenidorm.daliisolutions.com\/index.php\/2024\/02\/09\/felipe-orts-baja-el-telon-con-doble-cita-en-belgica\/","title":{"rendered":"Felipe Orts baja el tel\u00f3n con doble cita en B\u00e9lgica"},"content":{"rendered":"  <p>Benidorm<\/p>   <p>Tras el quinto puesto obtenido el pasado mi\u00e9rcoles en Maldegem, tras otra carrera magistral, el ciclista del equipo La Vila Joiosa-N\u00e9teo <a href=\"https:\/\/cadenaser.com\/tag\/felipe_orts_lloret\/a\/\" target=\"_blank\" rel=\"noopener\">Felipe Orts<\/a> afronta este fin de semana las dos \u00faltimas carreras de su campa\u00f1a invernal con apariciones en las localidades belgas de Middelkerke (s\u00e1bado) y Lille (domingo).<\/p>   <p>En la primera de ellas, \u00faltima cita puntuable para el Trofeo Superprestigio, Orts tratar\u00e1 de amarrar de manera definitiva el top10 en la general de una clasificaci\u00f3n en la que, hasta ahora, su mejor resultado es el d\u00e9cimo puesto con el que termin\u00f3 la campa\u00f1a 2020-2021.<\/p>   <p>Ahora, el vilero es noveno y se encuentra, gracias al buen estado de forma con el que est\u00e1 llegando a estas \u00faltimas pruebas del invierno, en disposici\u00f3n de conseguir su mejor resultado de siempre en el m\u00e1s antiguo de los trofeos a la regularidad del ciclocross (y el segundo m\u00e1s importante tras la Copa del Mundo). Y todo, en un circuito que se le ha dado bien hist\u00f3ricamente con un 7\u00ba puesto en 2021 y un 10\u00ba el a\u00f1o pasado.<\/p>   <p>Parecido ha sido el rendimiento de Orts en Lille, donde el domingo se pondr\u00e1 su \u00faltimo dorsal del a\u00f1o en la especialidad de <a href=\"https:\/\/cadenaser.com\/tag\/ciclocross\/a\/\" target=\"_blank\" rel=\"noopener\">ciclocross<\/a> antes de tomarse un breve descanso e iniciar su primera campa\u00f1a \u2018seria\u2019 con la bici de monta\u00f1a.<\/p>   <p>En Lille, el corredor de La Vila Joiosa tratar\u00e1 de repetir e, incluso, mejorar la s\u00e9ptima plaza conseguida en 2021 y el pasado a\u00f1o.<\/p> ","protected":false},"excerpt":{"rendered":"<p>El vilero tratar\u00e1 de amarrar el top10 en la clasificaci\u00f3n final del Trofeo Superprestigio<\/p>\n","protected":false},"author":0,"featured_media":2199,"comment_status":"open","ping_status":"open","sticky":false,"template":"","format":"standard","meta":{"_acf_changed":false,"footnotes":""},"categories":[16],"tags":[],"class_list":["post-2198","post","type-post","status-publish","format-standard","has-post-thumbnail","hentry","category-deportes"],"acf":{"ser_id":"SEEUHA2C4RC35JVU7UH4TAP3FU","ser_url":"https:\/\/cadenaser.com\/comunitat-valenciana\/2024\/02\/09\/felipe-orts-baja-el-telon-con-doble-cita-en-belgica-radio-benidorm\/"},"_links":{"self":[{"href":"https:\/\/serbenidorm.daliisolutions.com\/index.php\/wp-json\/wp\/v2\/posts\/2198","targetHints":{"allow":["GET"]}}],"collection":[{"href":"https:\/\/serbenidorm.daliisolutions.com\/index.php\/wp-json\/wp\/v2\/posts"}],"about":[{"href":"https:\/\/serbenidorm.daliisolutions.com\/index.php\/wp-json\/wp\/v2\/types\/post"}],"replies":[{"embeddable":true,"href":"https:\/\/serbenidorm.daliisolutions.com\/index.php\/wp-json\/wp\/v2\/comments?post=2198"}],"version-history":[{"count":0,"href":"https:\/\/serbenidorm.daliisolutions.com\/index.php\/wp-json\/wp\/v2\/posts\/2198\/revisions"}],"wp:featuredmedia":[{"embeddable":true,"href":"https:\/\/serbenidorm.daliisolutions.com\/index.php\/wp-json\/wp\/v2\/media\/2199"}],"wp:attachment":[{"href":"https:\/\/serbenidorm.daliisolutions.com\/index.php\/wp-json\/wp\/v2\/media?parent=2198"}],"wp:term":[{"taxonomy":"category","embeddable":true,"href":"https:\/\/serbenidorm.daliisolutions.com\/index.php\/wp-json\/wp\/v2\/categories?post=2198"},{"taxonomy":"post_tag","embeddable":true,"href":"https:\/\/serbenidorm.daliisolutions.com\/index.php\/wp-json\/wp\/v2\/tags?post=2198"}],"curies":[{"name":"wp","href":"https:\/\/api.w.org\/{rel}","templated":true}]}}