{"id":21995,"date":"2026-01-30T15:23:43","date_gmt":"2026-01-30T14:23:43","guid":{"rendered":"https:\/\/serbenidorm.daliisolutions.com\/index.php\/2026\/01\/30\/de-benidorm-a-una-aldea-de-galicia-el-cambio-de-vida-de-zaira-y-juan-carlos\/"},"modified":"2026-01-30T15:23:43","modified_gmt":"2026-01-30T14:23:43","slug":"de-benidorm-a-una-aldea-de-galicia-el-cambio-de-vida-de-zaira-y-juan-carlos","status":"publish","type":"post","link":"https:\/\/serbenidorm.daliisolutions.com\/index.php\/2026\/01\/30\/de-benidorm-a-una-aldea-de-galicia-el-cambio-de-vida-de-zaira-y-juan-carlos\/","title":{"rendered":"De Benidorm a una aldea de Galicia: el cambio de vida de Zaira y Juan Carlos"},"content":{"rendered":" <p>Cambiar el ruido y el ritmo incesante de Benidorm por la calma de una aldea gallega es una decisi\u00f3n trascendental y el caso personal de <a href=\"https:\/\/cadenaser.com\/tag\/benidorm\/a\/\" target=\"_blank\" rel=\"nofollow\" title=\"https:\/\/cadenaser.com\/tag\/benidorm\/a\/\">Zaira Vidal y Juan Carlos Pastor<\/a>, una pareja benidormense que ha trasladado su vida y su proyecto profesional a un peque\u00f1o n\u00facleo rural de la provincia de Ourense, atra\u00eddos por la naturaleza, la tranquilidad y la posibilidad de desarrollar mejor all\u00ed su actividad.<\/p>  <p>El salto al rural lo dieron gracias a Aldealista, una plataforma fundada por <a href=\"https:\/\/cadenaser.com\/tag\/benidorm\/a\/\" target=\"_blank\" rel=\"nofollow\" title=\"https:\/\/cadenaser.com\/tag\/benidorm\/a\/\">Juan Carlos P\u00e9rez<\/a> que conecta a personas interesadas en vivir en pueblos con viviendas y oportunidades laborales o de emprendimiento. A trav\u00e9s de esta herramienta encontraron la casa desde la que hoy trabajan y han transformado su marca de cosm\u00e9tica natural, Piel Natura, incorporando activos bot\u00e1nicos gallegos y agua termal de la zona.<\/p>  <p>Desde Galicia, Zaira y Juan Carlos reconocen que el cambio responde al cansancio del \u00abbarullo\u00bb urbano y a la b\u00fasqueda de un entorno m\u00e1s alineado con su forma de entender la vida. Aunque el alquiler resulta m\u00e1s econ\u00f3mico que en muchas ciudades, tambi\u00e9n advierten de nuevos gastos asociados al rural, como el consumo energ\u00e9tico o la necesidad de veh\u00edculo propio, lo que obliga a hacer n\u00fameros y valorar cada caso de forma realista.<\/p>  <p>Juan Carlos P\u00e9rez subraya que la clave para que el mundo rural funcione no est\u00e1 en una visi\u00f3n rom\u00e1ntica, sino en lograr un <i>match<\/i> real entre vivienda, conectividad y empleo. Aldealista trabaja \u00abcon datos concretos y decisiones reales\u00bb, y ya ha contribuido a la reapertura de m\u00e1s de 75 viviendas y a la llegada de m\u00e1s de 200 personas a distintos puntos de Galicia, demostrando que s\u00ed existe demanda para vivir y trabajar en los pueblos.<\/p>  <p>Durante la entrevista tambi\u00e9n han puesto el foco en retos pendientes como la movilidad, la vivienda vac\u00eda o la concentraci\u00f3n de poblaci\u00f3n en grandes ciudades. Una realidad que no solo afecta a Galicia, sino tambi\u00e9n a la Comunitat Valenciana, donde pueblos cercanos a Benidorm siguen perdiendo habitantes. Frente a ello, experiencias como la de Zaira y Juan Carlos muestran que otro modelo de vida es posible, sin renunciar al trabajo ni a la conexi\u00f3n con el mundo.<\/p> ","protected":false},"excerpt":{"rendered":"<p>La experiencia de una pareja benidormense asentada en Ourense y el trabajo de la plataforma Aldealista ponen sobre la mesa nuevas formas de repoblar pueblos y reequilibrar el territorio<\/p>\n","protected":false},"author":0,"featured_media":21996,"comment_status":"","ping_status":"open","sticky":false,"template":"","format":"standard","meta":{"_acf_changed":false,"footnotes":""},"categories":[1],"tags":[],"class_list":["post-21995","post","type-post","status-publish","format-standard","has-post-thumbnail","hentry","category-sin-categoria"],"acf":{"ser_id":"XEIKB2V3TRFWRGCFQIDBEBVJQM","ser_url":"https:\/\/cadenaser.com\/comunitat-valenciana\/2026\/01\/30\/de-benidorm-a-una-aldea-de-galicia-el-cambio-de-vida-de-zaira-y-juan-carlos-radio-benidorm\/"},"_links":{"self":[{"href":"https:\/\/serbenidorm.daliisolutions.com\/index.php\/wp-json\/wp\/v2\/posts\/21995","targetHints":{"allow":["GET"]}}],"collection":[{"href":"https:\/\/serbenidorm.daliisolutions.com\/index.php\/wp-json\/wp\/v2\/posts"}],"about":[{"href":"https:\/\/serbenidorm.daliisolutions.com\/index.php\/wp-json\/wp\/v2\/types\/post"}],"replies":[{"embeddable":true,"href":"https:\/\/serbenidorm.daliisolutions.com\/index.php\/wp-json\/wp\/v2\/comments?post=21995"}],"version-history":[{"count":0,"href":"https:\/\/serbenidorm.daliisolutions.com\/index.php\/wp-json\/wp\/v2\/posts\/21995\/revisions"}],"wp:featuredmedia":[{"embeddable":true,"href":"https:\/\/serbenidorm.daliisolutions.com\/index.php\/wp-json\/wp\/v2\/media\/21996"}],"wp:attachment":[{"href":"https:\/\/serbenidorm.daliisolutions.com\/index.php\/wp-json\/wp\/v2\/media?parent=21995"}],"wp:term":[{"taxonomy":"category","embeddable":true,"href":"https:\/\/serbenidorm.daliisolutions.com\/index.php\/wp-json\/wp\/v2\/categories?post=21995"},{"taxonomy":"post_tag","embeddable":true,"href":"https:\/\/serbenidorm.daliisolutions.com\/index.php\/wp-json\/wp\/v2\/tags?post=21995"}],"curies":[{"name":"wp","href":"https:\/\/api.w.org\/{rel}","templated":true}]}}