{"id":21999,"date":"2026-01-30T15:23:45","date_gmt":"2026-01-30T14:23:45","guid":{"rendered":"https:\/\/serbenidorm.daliisolutions.com\/index.php\/2026\/01\/30\/el-balonmano-servigroup-benidorm-necesita-vengarse-del-malaga-en-altea\/"},"modified":"2026-01-30T15:23:45","modified_gmt":"2026-01-30T14:23:45","slug":"el-balonmano-servigroup-benidorm-necesita-vengarse-del-malaga-en-altea","status":"publish","type":"post","link":"https:\/\/serbenidorm.daliisolutions.com\/index.php\/2026\/01\/30\/el-balonmano-servigroup-benidorm-necesita-vengarse-del-malaga-en-altea\/","title":{"rendered":"El Balonmano Servigroup Benidorm necesita vengarse del M\u00e1laga en Altea"},"content":{"rendered":" <p>El Balonmano Servigroup Benidorm vuelve este domingo (17:00 horas), casi sin tiempo de descanso tras disputar el mi\u00e9rcoles su partido aplazado ante Puerto Sagunto, a la competici\u00f3n liguera recibiendo en el Pabell\u00f3n Garganes de Altea al M\u00e1laga, un equipo al que el vestuario local le tiene muchas ganas tras las afrentas sufridas (ambas en la ciudad andaluza) tanto en la primera vuelta de la Divisi\u00f3n de Honor Plata como en la Copa del Rey.<\/p>  <p>Mientras que el Palau d\u2019Esports l\u2019Illa de Benidorm se prepara para acoger el Benidorm Fest, el equipo dirigido por Alejandro Cutanda afronta su anual \u2018exilio\u2019 en el Pabell\u00f3n Garganes de la vecina localidad de Altea, a la que el Club Balonmano Benidorm quiere llevar la fiesta del deporte con una jornada de entrada gratuita para convertir el recinto en una aut\u00e9ntica olla a presi\u00f3n que permita a los locales volver a la senda de la victoria.<\/p>  <p>En ese sentido, desde la directiva del Club Balonmano Benidorm se ha querido tambi\u00e9n agradecer al Club Esportiu Villa Blanca Altea por las facilidades que, como en ocasiones anteriores, han brindado para que la primera plantilla pueda seguir con su calendario de entrenamientos y partidos durante el montaje y celebraci\u00f3n del Benidorm Fest.<\/p>  <p>En lo meramente deportivo, \u2018Cuti\u2019 y los suyos llegan al choque de este domingo con la misi\u00f3n de lograr minimizar esos \u2018apagones\u2019 de juego que, al menos en las \u00faltimas jornadas, han llevado a los benidormenses a encadenar una racha de dos empates y una derrota.<\/p>  <p>Los malague\u00f1os, por su parte, llegan en un momento muy delicado. Ocupando la pen\u00faltima plaza con s\u00f3lo ocho puntos, una derrota ante el Balonmano Servigroup Benidorm supondr\u00eda poner en bandeja una oportunidad de oro a sus rivales m\u00e1s directos en la pelea por la permanencia de abrir ya un hueco importante.<\/p>  <p>Los benidormenses, a su vez, llegan conjurados para vengarse de un M\u00e1laga que ya se impuso en su casa en el partido de la primera vuelta y que, adem\u00e1s, ape\u00f3 al Balonmano Servigroup Benidorm de la Copa del Rey. Ahora, con el factor cancha a favor, los locales deber\u00e1n sumar dos puntos fundamentales para mantenerse en el tren de equipos que pelean por el ascenso a Asobal.<\/p> ","protected":false},"excerpt":{"rendered":"<p>Los benidormenses llevan la fiesta del balonmano a la Villa Blanca con una jornada de entrada gratuita<\/p>\n","protected":false},"author":0,"featured_media":22000,"comment_status":"","ping_status":"open","sticky":false,"template":"","format":"standard","meta":{"_acf_changed":false,"footnotes":""},"categories":[16],"tags":[],"class_list":["post-21999","post","type-post","status-publish","format-standard","has-post-thumbnail","hentry","category-deportes"],"acf":{"ser_id":"TMMVV3LZLFBEXMIJR4WFF2C3KE","ser_url":"https:\/\/cadenaser.com\/comunitat-valenciana\/2026\/01\/30\/el-balonmano-servigroup-benidorm-necesita-vengarse-del-malaga-en-altea-radio-benidorm\/"},"_links":{"self":[{"href":"https:\/\/serbenidorm.daliisolutions.com\/index.php\/wp-json\/wp\/v2\/posts\/21999","targetHints":{"allow":["GET"]}}],"collection":[{"href":"https:\/\/serbenidorm.daliisolutions.com\/index.php\/wp-json\/wp\/v2\/posts"}],"about":[{"href":"https:\/\/serbenidorm.daliisolutions.com\/index.php\/wp-json\/wp\/v2\/types\/post"}],"replies":[{"embeddable":true,"href":"https:\/\/serbenidorm.daliisolutions.com\/index.php\/wp-json\/wp\/v2\/comments?post=21999"}],"version-history":[{"count":0,"href":"https:\/\/serbenidorm.daliisolutions.com\/index.php\/wp-json\/wp\/v2\/posts\/21999\/revisions"}],"wp:featuredmedia":[{"embeddable":true,"href":"https:\/\/serbenidorm.daliisolutions.com\/index.php\/wp-json\/wp\/v2\/media\/22000"}],"wp:attachment":[{"href":"https:\/\/serbenidorm.daliisolutions.com\/index.php\/wp-json\/wp\/v2\/media?parent=21999"}],"wp:term":[{"taxonomy":"category","embeddable":true,"href":"https:\/\/serbenidorm.daliisolutions.com\/index.php\/wp-json\/wp\/v2\/categories?post=21999"},{"taxonomy":"post_tag","embeddable":true,"href":"https:\/\/serbenidorm.daliisolutions.com\/index.php\/wp-json\/wp\/v2\/tags?post=21999"}],"curies":[{"name":"wp","href":"https:\/\/api.w.org\/{rel}","templated":true}]}}